{"id":30515,"date":"2025-02-04T03:34:32","date_gmt":"2025-02-04T03:34:32","guid":{"rendered":"https:\/\/icoinformativo.mx\/home\/?p=30515"},"modified":"2025-02-04T03:34:32","modified_gmt":"2025-02-04T03:34:32","slug":"alcaldesa-de-ixhuatan-se-reune-con-el-secretario-de-proteccion-civil-en-el-estado","status":"publish","type":"post","link":"https:\/\/icoinformativo.mx\/home\/?p=30515","title":{"rendered":"Alcaldesa de Ixhuat\u00e1n se re\u00fane con el secretario de Protecci\u00f3n Civil en el estado"},"content":{"rendered":"<p>La alcaldesa del municipio de Ixhuat\u00e1n, Mar\u00eda Guadalupe L\u00f3pez Camacho, se reuni\u00f3 con el Secretario de Protecci\u00f3n Civil en Chiapas, Mauricio Cordero, para abordar temas relacionados con la protecci\u00f3n civil en la municipalidad.<\/p>\n<p>&nbsp;<\/p>\n<p>Durante la reuni\u00f3n, Cordero reiter\u00f3 que la protecci\u00f3n civil es una prioridad para el estado y que se mantendr\u00e1 un enfoque preventivo y de respuesta r\u00e1pida ante cualquier eventualidad.<\/p>\n<p>&nbsp;<\/p>\n<p>L\u00f3pez Camacho agradeci\u00f3 el apoyo del gobierno estatal y expres\u00f3 su compromiso de trabajar de la mano para fortalecer las capacidades locales en materia de protecci\u00f3n civil.<\/p>\n","protected":false},"excerpt":{"rendered":"<p>La alcaldesa del municipio de Ixhuat\u00e1n, Mar\u00eda Guadalupe L\u00f3pez Camacho, se reuni\u00f3 con el Secretario&#8230;<\/p>\n","protected":false},"author":2,"featured_media":30516,"comment_status":"closed","ping_status":"closed","sticky":false,"template":"","format":"standard","meta":{"_joinchat":[],"footnotes":""},"categories":[18,1,2,3],"tags":[],"class_list":["post-30515","post","type-post","status-publish","format-standard","has-post-thumbnail","hentry","category-almomento","category-boletin","category-estado","category-health"],"_links":{"self":[{"href":"https:\/\/icoinformativo.mx\/home\/index.php?rest_route=\/wp\/v2\/posts\/30515","targetHints":{"allow":["GET"]}}],"collection":[{"href":"https:\/\/icoinformativo.mx\/home\/index.php?rest_route=\/wp\/v2\/posts"}],"about":[{"href":"https:\/\/icoinformativo.mx\/home\/index.php?rest_route=\/wp\/v2\/types\/post"}],"author":[{"embeddable":true,"href":"https:\/\/icoinformativo.mx\/home\/index.php?rest_route=\/wp\/v2\/users\/2"}],"replies":[{"embeddable":true,"href":"https:\/\/icoinformativo.mx\/home\/index.php?rest_route=%2Fwp%2Fv2%2Fcomments&post=30515"}],"version-history":[{"count":1,"href":"https:\/\/icoinformativo.mx\/home\/index.php?rest_route=\/wp\/v2\/posts\/30515\/revisions"}],"predecessor-version":[{"id":30517,"href":"https:\/\/icoinformativo.mx\/home\/index.php?rest_route=\/wp\/v2\/posts\/30515\/revisions\/30517"}],"wp:featuredmedia":[{"embeddable":true,"href":"https:\/\/icoinformativo.mx\/home\/index.php?rest_route=\/wp\/v2\/media\/30516"}],"wp:attachment":[{"href":"https:\/\/icoinformativo.mx\/home\/index.php?rest_route=%2Fwp%2Fv2%2Fmedia&parent=30515"}],"wp:term":[{"taxonomy":"category","embeddable":true,"href":"https:\/\/icoinformativo.mx\/home\/index.php?rest_route=%2Fwp%2Fv2%2Fcategories&post=30515"},{"taxonomy":"post_tag","embeddable":true,"href":"https:\/\/icoinformativo.mx\/home\/index.php?rest_route=%2Fwp%2Fv2%2Ftags&post=30515"}],"curies":[{"name":"wp","href":"https:\/\/api.w.org\/{rel}","templated":true}]}}