{"id":30509,"date":"2025-02-04T03:11:29","date_gmt":"2025-02-04T03:11:29","guid":{"rendered":"https:\/\/icoinformativo.mx\/home\/?p=30509"},"modified":"2025-02-04T03:11:29","modified_gmt":"2025-02-04T03:11:29","slug":"en-reforma-invitan-a-participar-en-el-emocionante-torneo-de-basquetbol-femenil-2025","status":"publish","type":"post","link":"https:\/\/icoinformativo.mx\/home\/?p=30509","title":{"rendered":"En Reforma invitan a participar en el emocionante Torneo de B\u00e1squetbol Femenil 2025."},"content":{"rendered":"<p>\u00a1Anuncio importante para las basquetbolistas!<\/p>\n<p>&nbsp;<\/p>\n<p>El Gobierno Municipal de Reforma, liderado por Pedro Ram\u00edrez, te invita a participar en el emocionante Torneo de B\u00e1squetbol Femenil 2025.<\/p>\n<p>&nbsp;<\/p>\n<p>Aqu\u00ed te dejo los detalles importantes:<\/p>\n<p>&nbsp;<\/p>\n<p>&#8211; Fecha de la junta previa: Mi\u00e9rcoles 5 de febrero<\/p>\n<p>&#8211; Hora: 7:00 p.m.<\/p>\n<p>&#8211; Lugar: Auditorio Municipal<\/p>\n<p>&nbsp;<\/p>\n<p>No te pierdas la oportunidad de formar parte de este torneo y representar a tu equipo con orgullo. \u00a1Prep\u00e1rate para vivir la emoci\u00f3n del b\u00e1squetbol!<\/p>\n<p>&nbsp;<\/p>\n<p>Recuerda asistir a la junta previa para obtener m\u00e1s informaci\u00f3n y asegurar tu inscripci\u00f3n. \u00a1Buena suerte!<\/p>\n","protected":false},"excerpt":{"rendered":"<p>\u00a1Anuncio importante para las basquetbolistas! &nbsp; El Gobierno Municipal de Reforma, liderado por Pedro Ram\u00edrez,&#8230;<\/p>\n","protected":false},"author":2,"featured_media":30510,"comment_status":"closed","ping_status":"closed","sticky":false,"template":"","format":"standard","meta":{"_joinchat":[],"footnotes":""},"categories":[18,1,2,3],"tags":[],"class_list":["post-30509","post","type-post","status-publish","format-standard","has-post-thumbnail","hentry","category-almomento","category-boletin","category-estado","category-health"],"_links":{"self":[{"href":"https:\/\/icoinformativo.mx\/home\/index.php?rest_route=\/wp\/v2\/posts\/30509","targetHints":{"allow":["GET"]}}],"collection":[{"href":"https:\/\/icoinformativo.mx\/home\/index.php?rest_route=\/wp\/v2\/posts"}],"about":[{"href":"https:\/\/icoinformativo.mx\/home\/index.php?rest_route=\/wp\/v2\/types\/post"}],"author":[{"embeddable":true,"href":"https:\/\/icoinformativo.mx\/home\/index.php?rest_route=\/wp\/v2\/users\/2"}],"replies":[{"embeddable":true,"href":"https:\/\/icoinformativo.mx\/home\/index.php?rest_route=%2Fwp%2Fv2%2Fcomments&post=30509"}],"version-history":[{"count":1,"href":"https:\/\/icoinformativo.mx\/home\/index.php?rest_route=\/wp\/v2\/posts\/30509\/revisions"}],"predecessor-version":[{"id":30511,"href":"https:\/\/icoinformativo.mx\/home\/index.php?rest_route=\/wp\/v2\/posts\/30509\/revisions\/30511"}],"wp:featuredmedia":[{"embeddable":true,"href":"https:\/\/icoinformativo.mx\/home\/index.php?rest_route=\/wp\/v2\/media\/30510"}],"wp:attachment":[{"href":"https:\/\/icoinformativo.mx\/home\/index.php?rest_route=%2Fwp%2Fv2%2Fmedia&parent=30509"}],"wp:term":[{"taxonomy":"category","embeddable":true,"href":"https:\/\/icoinformativo.mx\/home\/index.php?rest_route=%2Fwp%2Fv2%2Fcategories&post=30509"},{"taxonomy":"post_tag","embeddable":true,"href":"https:\/\/icoinformativo.mx\/home\/index.php?rest_route=%2Fwp%2Fv2%2Ftags&post=30509"}],"curies":[{"name":"wp","href":"https:\/\/api.w.org\/{rel}","templated":true}]}}