{"id":30506,"date":"2025-02-04T03:07:31","date_gmt":"2025-02-04T03:07:31","guid":{"rendered":"https:\/\/icoinformativo.mx\/home\/?p=30506"},"modified":"2025-02-04T03:07:31","modified_gmt":"2025-02-04T03:07:31","slug":"recibe-diputado-mario-guillen-guillen-anteproyecto-de-ley-de-consulta-popular-de-chiapas","status":"publish","type":"post","link":"https:\/\/icoinformativo.mx\/home\/?p=30506","title":{"rendered":"*Recibe diputado Mario Guill\u00e9n Guill\u00e9n, anteproyecto de Ley de Consulta Popular de Chiapas*"},"content":{"rendered":"<p>&nbsp;<\/p>\n<p>-En esta nueva ERA, es necesario construir, reformar, actualizar y homologar, el marco jur\u00eddico para continuar construyendo ciudadan\u00eda con el humanismo que transforma.<\/p>\n<p>&nbsp;<\/p>\n<p>Tuxtla Guti\u00e9rrez, Chiapas; 3 de febrero de 2025.- Con el objetivo de impulsar la participaci\u00f3n c\u00edvica-democr\u00e1tica de la ciudadan\u00eda, el diputado Mario Guill\u00e9n Guill\u00e9n, presidente de la Junta de Coordinaci\u00f3n Pol\u00edtica en el Congreso del Estado, recibi\u00f3 de manos del doctor Oswaldo Chac\u00f3n Rojas, rector de la Universidad Aut\u00f3noma de Chiapas (UNACH), el anteproyecto de Ley de Consulta Popular del Estado de Chiapas.<\/p>\n<p>&nbsp;<\/p>\n<p>En el encuentro, realizado en la sala de Usos M\u00faltiples \u201cFidelia Brindis Camacho\u201d, el legislador destac\u00f3 que la consulta ciudadana permitir\u00e1 escuchar la voz de las y los chiapanecos, y para ello, era necesario construir, reformar, actualizar, y homologar el marco jur\u00eddico, para continuar construyendo ciudadan\u00eda, con el humanismo que transforma.<\/p>\n<p>&nbsp;<\/p>\n<p>Esta ley, que se ha trabajado de manera coordinada entre el Poder Ejecutivo, Poder Legislativo y la UNACH, permitir\u00e1 consolidar el derecho de las y los chiapanecos a participar efectivamente en las decisiones en beneficio del entorno social, cultural, pol\u00edtico y econ\u00f3mico de sus comunidades.<\/p>\n<p>&nbsp;<\/p>\n<p>Indic\u00f3 que este trabajo conjunto, cuyo resultado es la Ley de Consulta Popular, es una de las prioridades de la actual administraci\u00f3n que encabeza el gobernador Eduardo Ram\u00edrez Aguilar.<\/p>\n<p>&nbsp;<\/p>\n<p>Al hacer uso de la palabra, el doctor Oswaldo Chac\u00f3n Rojas, rector de la UNACH, sostuvo que los objetivos que persigue dicho anteproyecto son:<\/p>\n<p>Acercar las pol\u00edticas p\u00fablicas a la gente.<\/p>\n<p>Armonizar lo que ya se estableci\u00f3 a nivel federal en el art\u00edculo segundo de la Constituci\u00f3n de los Estados Unidos Mexicanos, cumpliendo con un mandato de la reforma constitucional en materia ind\u00edgena.<\/p>\n<p>Flexibilizar los requisitos para que la ciudadan\u00eda solicite una consulta.<\/p>\n<p>Es un instrumento que se busca que sea lo menos oneroso posible. Uno de ellos, es que los propios Ayuntamientos coadyuven con su estructura ciudadana.<\/p>\n<p>La diputada Getseman\u00ed Moreno Mart\u00ednez, presidenta de la Comisi\u00f3n de Participaci\u00f3n Ciudadana y Popular, reconoci\u00f3 el trabajo y compromiso del diputado Mario Guill\u00e9n Guill\u00e9n y del rector de la UNACH, Oswaldo Chac\u00f3n, quienes han hecho suyo este proyecto y han encabezado los trabajos que dan como resultado este proyecto de Ley.<\/p>\n<p>&nbsp;<\/p>\n<p>Con esta ley de avanzada, habr\u00e1 una democracia m\u00e1s \u00e1gil, cercana, accesible y sobre todo, efectiva; para que las y los chiapanecos participen en las decisiones en beneficio de sus municipios, pueblos y comunidades.<\/p>\n<p>&nbsp;<\/p>\n<p>Participaron en el encuentro, Luis Alejandro Couti\u00f1o Guizar, subconsejero Jur\u00eddico del Gobierno del Estado; Braulio Eduardo Salazar Gordillo, director de Normatividad del Instituto de la Consejer\u00eda Jur\u00eddica de Chiapas; y Jos\u00e9 Luis Ruiz Rodr\u00edguez, secretario de Servicios Parlamentarios del Congreso del Estado; as\u00ed como directivos de la m\u00e1xima casa de estudios.<\/p>\n","protected":false},"excerpt":{"rendered":"<p>&nbsp; -En esta nueva ERA, es necesario construir, reformar, actualizar y homologar, el marco jur\u00eddico&#8230;<\/p>\n","protected":false},"author":2,"featured_media":30507,"comment_status":"closed","ping_status":"closed","sticky":false,"template":"","format":"standard","meta":{"_joinchat":[],"footnotes":""},"categories":[18,1,2,3],"tags":[],"class_list":["post-30506","post","type-post","status-publish","format-standard","has-post-thumbnail","hentry","category-almomento","category-boletin","category-estado","category-health"],"_links":{"self":[{"href":"https:\/\/icoinformativo.mx\/home\/index.php?rest_route=\/wp\/v2\/posts\/30506","targetHints":{"allow":["GET"]}}],"collection":[{"href":"https:\/\/icoinformativo.mx\/home\/index.php?rest_route=\/wp\/v2\/posts"}],"about":[{"href":"https:\/\/icoinformativo.mx\/home\/index.php?rest_route=\/wp\/v2\/types\/post"}],"author":[{"embeddable":true,"href":"https:\/\/icoinformativo.mx\/home\/index.php?rest_route=\/wp\/v2\/users\/2"}],"replies":[{"embeddable":true,"href":"https:\/\/icoinformativo.mx\/home\/index.php?rest_route=%2Fwp%2Fv2%2Fcomments&post=30506"}],"version-history":[{"count":1,"href":"https:\/\/icoinformativo.mx\/home\/index.php?rest_route=\/wp\/v2\/posts\/30506\/revisions"}],"predecessor-version":[{"id":30508,"href":"https:\/\/icoinformativo.mx\/home\/index.php?rest_route=\/wp\/v2\/posts\/30506\/revisions\/30508"}],"wp:featuredmedia":[{"embeddable":true,"href":"https:\/\/icoinformativo.mx\/home\/index.php?rest_route=\/wp\/v2\/media\/30507"}],"wp:attachment":[{"href":"https:\/\/icoinformativo.mx\/home\/index.php?rest_route=%2Fwp%2Fv2%2Fmedia&parent=30506"}],"wp:term":[{"taxonomy":"category","embeddable":true,"href":"https:\/\/icoinformativo.mx\/home\/index.php?rest_route=%2Fwp%2Fv2%2Fcategories&post=30506"},{"taxonomy":"post_tag","embeddable":true,"href":"https:\/\/icoinformativo.mx\/home\/index.php?rest_route=%2Fwp%2Fv2%2Ftags&post=30506"}],"curies":[{"name":"wp","href":"https:\/\/api.w.org\/{rel}","templated":true}]}}