{"id":30491,"date":"2025-02-04T02:53:01","date_gmt":"2025-02-04T02:53:01","guid":{"rendered":"https:\/\/icoinformativo.mx\/home\/?p=30491"},"modified":"2025-02-04T02:53:01","modified_gmt":"2025-02-04T02:53:01","slug":"asiste-domingo-trejo-a-reunion-interinstitucional-con-oscar-alberto-aparicio-avendano-secretario-de-seguridad-publica","status":"publish","type":"post","link":"https:\/\/icoinformativo.mx\/home\/?p=30491","title":{"rendered":"Asiste Domingo Trejo a reuni\u00f3n interinstitucional con Oscar Alberto Aparicio Avenda\u00f1o Secretario de Seguridad P\u00fablica\u00a0"},"content":{"rendered":"<p>Preocupado y ocupado por la seguridad de su municipio, el presidente municipal Domingo Trejo asisti\u00f3 este d\u00eda a una reuni\u00f3n con el secretario de Seguridad P\u00fablica en Chiapas Oscar Alberto Aparicio Avenda\u00f1o.<\/p>\n<p>&nbsp;<\/p>\n<p>Acompa\u00f1ado, de los presidentes de Tapalapa y Pantepec, el alcalde agradeci\u00f3 el apoyo y respaldo que han tenido por parte de dicha instituci\u00f3n para salvaguardar la paz y tranquilidad de Ray\u00f3n.<\/p>\n<p>&nbsp;<\/p>\n<p>Asimismo, dijo que continuar\u00e1 trabajando de manera coordinada, trabajando bajo el liderazgo del gobernador del estado, Eduardo Ram\u00edrez para garantizar la seguridad y tranquilidad.<\/p>\n<p>&nbsp;<\/p>\n<p>\u00abGracias secretario por las atenciones para la seguridad de nuestro municipio un trabajo coordinado siempre dar\u00e1 mejores resultados\u00bb.<\/p>\n","protected":false},"excerpt":{"rendered":"<p>Preocupado y ocupado por la seguridad de su municipio, el presidente municipal Domingo Trejo asisti\u00f3&#8230;<\/p>\n","protected":false},"author":2,"featured_media":30492,"comment_status":"closed","ping_status":"closed","sticky":false,"template":"","format":"standard","meta":{"_joinchat":[],"footnotes":""},"categories":[18,1,2,3],"tags":[],"class_list":["post-30491","post","type-post","status-publish","format-standard","has-post-thumbnail","hentry","category-almomento","category-boletin","category-estado","category-health"],"_links":{"self":[{"href":"https:\/\/icoinformativo.mx\/home\/index.php?rest_route=\/wp\/v2\/posts\/30491","targetHints":{"allow":["GET"]}}],"collection":[{"href":"https:\/\/icoinformativo.mx\/home\/index.php?rest_route=\/wp\/v2\/posts"}],"about":[{"href":"https:\/\/icoinformativo.mx\/home\/index.php?rest_route=\/wp\/v2\/types\/post"}],"author":[{"embeddable":true,"href":"https:\/\/icoinformativo.mx\/home\/index.php?rest_route=\/wp\/v2\/users\/2"}],"replies":[{"embeddable":true,"href":"https:\/\/icoinformativo.mx\/home\/index.php?rest_route=%2Fwp%2Fv2%2Fcomments&post=30491"}],"version-history":[{"count":1,"href":"https:\/\/icoinformativo.mx\/home\/index.php?rest_route=\/wp\/v2\/posts\/30491\/revisions"}],"predecessor-version":[{"id":30493,"href":"https:\/\/icoinformativo.mx\/home\/index.php?rest_route=\/wp\/v2\/posts\/30491\/revisions\/30493"}],"wp:featuredmedia":[{"embeddable":true,"href":"https:\/\/icoinformativo.mx\/home\/index.php?rest_route=\/wp\/v2\/media\/30492"}],"wp:attachment":[{"href":"https:\/\/icoinformativo.mx\/home\/index.php?rest_route=%2Fwp%2Fv2%2Fmedia&parent=30491"}],"wp:term":[{"taxonomy":"category","embeddable":true,"href":"https:\/\/icoinformativo.mx\/home\/index.php?rest_route=%2Fwp%2Fv2%2Fcategories&post=30491"},{"taxonomy":"post_tag","embeddable":true,"href":"https:\/\/icoinformativo.mx\/home\/index.php?rest_route=%2Fwp%2Fv2%2Ftags&post=30491"}],"curies":[{"name":"wp","href":"https:\/\/api.w.org\/{rel}","templated":true}]}}