{"id":30455,"date":"2025-02-01T04:21:29","date_gmt":"2025-02-01T04:21:29","guid":{"rendered":"https:\/\/icoinformativo.mx\/home\/?p=30455"},"modified":"2025-02-01T04:21:29","modified_gmt":"2025-02-01T04:21:29","slug":"titular-del-isstech-recibe-a-campeon-nacional-de-boxeo","status":"publish","type":"post","link":"https:\/\/icoinformativo.mx\/home\/?p=30455","title":{"rendered":"*Titular del Isstech recibe a Campe\u00f3n Nacional de Boxeo*"},"content":{"rendered":"<p>&nbsp;<\/p>\n<p>&#8211; Leonardo Villegas se form\u00f3 dentro del Centro Deportivo y Cultural \u201cDomo del Isstech\u201d<\/p>\n<p>&nbsp;<\/p>\n<p>El titular del Instituto de Seguridad Social de los Trabajadores del Estado de Chiapas (Isstech), Armando Barrios Fierro, felicit\u00f3 al pugilista Leonardo Villegas y a su entrenador Jorge Palacios Murias, quienes se coronaron campeones nacionales de Primera Fuerza y representar\u00e1n a M\u00e9xico en el Mundial de Boxeo en Kazajist\u00e1n.<\/p>\n<p>&nbsp;<\/p>\n<p>Barrios Fierro se\u00f1al\u00f3 que Villegas fue descubierto en las clases de boxeo que ofrece el Centro Deportivo y Cultural \u201cDomo del Isstech\u201d, con la gu\u00eda del instructor Palacios Murias, mismas que est\u00e1n dirigidas tanto a la poblaci\u00f3n afiliada como al p\u00fablico en general.<\/p>\n<p>&nbsp;<\/p>\n<p>Al recibir al joven campe\u00f3n, el director general del Isstech destac\u00f3 su compromiso, esfuerzo y determinaci\u00f3n, cualidades que lo llevaron a obtener este destacado resultado que pone a Chiapas en alto.<\/p>\n<p>&nbsp;<\/p>\n<p>Adem\u00e1s, Barrios Fierro celebr\u00f3 el \u00e9xito alcanzado durante el selectivo realizado en la Ciudad de M\u00e9xico, y reiter\u00f3 su compromiso de continuar apoyando el desarrollo de nuevos talentos deportivos en la entidad.<\/p>\n<p>&nbsp;<\/p>\n<p>El servidor del pueblo reafirm\u00f3 el compromiso del Instituto de continuar con el respaldo a las y los deportistas chiapanecos y con ello impulsar su formaci\u00f3n en un ambiente seguro y propicio para el crecimiento, la salud y una sociedad m\u00e1s inclusiva y activa.<\/p>\n","protected":false},"excerpt":{"rendered":"<p>&nbsp; &#8211; Leonardo Villegas se form\u00f3 dentro del Centro Deportivo y Cultural \u201cDomo del Isstech\u201d&#8230;<\/p>\n","protected":false},"author":2,"featured_media":30456,"comment_status":"closed","ping_status":"closed","sticky":false,"template":"","format":"standard","meta":{"_joinchat":[],"footnotes":""},"categories":[18,1,2,3],"tags":[],"class_list":["post-30455","post","type-post","status-publish","format-standard","has-post-thumbnail","hentry","category-almomento","category-boletin","category-estado","category-health"],"_links":{"self":[{"href":"https:\/\/icoinformativo.mx\/home\/index.php?rest_route=\/wp\/v2\/posts\/30455","targetHints":{"allow":["GET"]}}],"collection":[{"href":"https:\/\/icoinformativo.mx\/home\/index.php?rest_route=\/wp\/v2\/posts"}],"about":[{"href":"https:\/\/icoinformativo.mx\/home\/index.php?rest_route=\/wp\/v2\/types\/post"}],"author":[{"embeddable":true,"href":"https:\/\/icoinformativo.mx\/home\/index.php?rest_route=\/wp\/v2\/users\/2"}],"replies":[{"embeddable":true,"href":"https:\/\/icoinformativo.mx\/home\/index.php?rest_route=%2Fwp%2Fv2%2Fcomments&post=30455"}],"version-history":[{"count":1,"href":"https:\/\/icoinformativo.mx\/home\/index.php?rest_route=\/wp\/v2\/posts\/30455\/revisions"}],"predecessor-version":[{"id":30457,"href":"https:\/\/icoinformativo.mx\/home\/index.php?rest_route=\/wp\/v2\/posts\/30455\/revisions\/30457"}],"wp:featuredmedia":[{"embeddable":true,"href":"https:\/\/icoinformativo.mx\/home\/index.php?rest_route=\/wp\/v2\/media\/30456"}],"wp:attachment":[{"href":"https:\/\/icoinformativo.mx\/home\/index.php?rest_route=%2Fwp%2Fv2%2Fmedia&parent=30455"}],"wp:term":[{"taxonomy":"category","embeddable":true,"href":"https:\/\/icoinformativo.mx\/home\/index.php?rest_route=%2Fwp%2Fv2%2Fcategories&post=30455"},{"taxonomy":"post_tag","embeddable":true,"href":"https:\/\/icoinformativo.mx\/home\/index.php?rest_route=%2Fwp%2Fv2%2Ftags&post=30455"}],"curies":[{"name":"wp","href":"https:\/\/api.w.org\/{rel}","templated":true}]}}