{"id":30443,"date":"2025-02-01T04:08:04","date_gmt":"2025-02-01T04:08:04","guid":{"rendered":"https:\/\/icoinformativo.mx\/home\/?p=30443"},"modified":"2025-02-01T04:08:04","modified_gmt":"2025-02-01T04:08:04","slug":"alcalde-de-sunuapa-participa-en-reunion-interregional-de-seguridad-publica","status":"publish","type":"post","link":"https:\/\/icoinformativo.mx\/home\/?p=30443","title":{"rendered":"Alcalde de Sunuapa participa en reuni\u00f3n Interregional de seguridad p\u00fablica"},"content":{"rendered":"<p>El presidente municipal de Sunuapa, Fredi Ram\u00edrez D\u00edaz, asisti\u00f3 a la sesi\u00f3n Interregional de seguridad p\u00fablica en Ixhuat\u00e1n, donde se reunieron las coordinaciones 01 Bochil y 07 Pichucalco. En este evento, Ram\u00edrez D\u00edaz destac\u00f3 la importancia de trabajar en conjunto con el gobernador Eduardo Ram\u00edrez Aguilar para abordar los desaf\u00edos de seguridad en la regi\u00f3n.<\/p>\n<p>&nbsp;<\/p>\n<p>Ante la presencia de alcaldes y representantes de los tres \u00f3rdenes de gobierno, Ram\u00edrez D\u00edaz asegur\u00f3 que su municipio se suma a las acciones emprendidas por el gobernador desde el inicio de su gobierno. \u00abEstas sesiones de seguridad son fundamentales para abordar puntos clave y hacer un frente com\u00fan contra la delincuencia, lo que nos permitir\u00e1 mantener la paz y tranquilidad no solo en Sunuapa sino en toda la regi\u00f3n norte\u00bb, afirm\u00f3.<\/p>\n<p>&nbsp;<\/p>\n<p>La participaci\u00f3n de Ram\u00edrez D\u00edaz en esta sesi\u00f3n Interregional refleja su compromiso con la seguridad y el bienestar de los ciudadanos de Sunuapa y la regi\u00f3n norte de Chiapas.<\/p>\n","protected":false},"excerpt":{"rendered":"<p>El presidente municipal de Sunuapa, Fredi Ram\u00edrez D\u00edaz, asisti\u00f3 a la sesi\u00f3n Interregional de seguridad&#8230;<\/p>\n","protected":false},"author":2,"featured_media":30444,"comment_status":"closed","ping_status":"closed","sticky":false,"template":"","format":"standard","meta":{"_joinchat":[],"footnotes":""},"categories":[18,1,2,3],"tags":[],"class_list":["post-30443","post","type-post","status-publish","format-standard","has-post-thumbnail","hentry","category-almomento","category-boletin","category-estado","category-health"],"_links":{"self":[{"href":"https:\/\/icoinformativo.mx\/home\/index.php?rest_route=\/wp\/v2\/posts\/30443","targetHints":{"allow":["GET"]}}],"collection":[{"href":"https:\/\/icoinformativo.mx\/home\/index.php?rest_route=\/wp\/v2\/posts"}],"about":[{"href":"https:\/\/icoinformativo.mx\/home\/index.php?rest_route=\/wp\/v2\/types\/post"}],"author":[{"embeddable":true,"href":"https:\/\/icoinformativo.mx\/home\/index.php?rest_route=\/wp\/v2\/users\/2"}],"replies":[{"embeddable":true,"href":"https:\/\/icoinformativo.mx\/home\/index.php?rest_route=%2Fwp%2Fv2%2Fcomments&post=30443"}],"version-history":[{"count":1,"href":"https:\/\/icoinformativo.mx\/home\/index.php?rest_route=\/wp\/v2\/posts\/30443\/revisions"}],"predecessor-version":[{"id":30445,"href":"https:\/\/icoinformativo.mx\/home\/index.php?rest_route=\/wp\/v2\/posts\/30443\/revisions\/30445"}],"wp:featuredmedia":[{"embeddable":true,"href":"https:\/\/icoinformativo.mx\/home\/index.php?rest_route=\/wp\/v2\/media\/30444"}],"wp:attachment":[{"href":"https:\/\/icoinformativo.mx\/home\/index.php?rest_route=%2Fwp%2Fv2%2Fmedia&parent=30443"}],"wp:term":[{"taxonomy":"category","embeddable":true,"href":"https:\/\/icoinformativo.mx\/home\/index.php?rest_route=%2Fwp%2Fv2%2Fcategories&post=30443"},{"taxonomy":"post_tag","embeddable":true,"href":"https:\/\/icoinformativo.mx\/home\/index.php?rest_route=%2Fwp%2Fv2%2Ftags&post=30443"}],"curies":[{"name":"wp","href":"https:\/\/api.w.org\/{rel}","templated":true}]}}