{"id":30440,"date":"2025-02-01T04:01:02","date_gmt":"2025-02-01T04:01:02","guid":{"rendered":"https:\/\/icoinformativo.mx\/home\/?p=30440"},"modified":"2025-02-01T04:01:02","modified_gmt":"2025-02-01T04:01:02","slug":"presidente-municipal-de-reforma-firma-convenio-con-centro-estatal-de-control-de-confianza","status":"publish","type":"post","link":"https:\/\/icoinformativo.mx\/home\/?p=30440","title":{"rendered":"Presidente municipal de Reforma firma convenio con Centro Estatal de Control de Confianza"},"content":{"rendered":"<p>El presidente municipal de Reforma, Pedro Ram\u00edrez Ramos, firm\u00f3 un convenio de coordinaci\u00f3n con el director general del Centro Estatal de Control de Confianza (CECCC), Jos\u00e9 Alonso Llaven Villarreal. Este acuerdo busca garantizar que el personal policial del municipio sea apto y confiable para cumplir con sus labores.<\/p>\n<p>&nbsp;<\/p>\n<p>El CECCC es un organismo que eval\u00faa y certifica a los miembros de las corporaciones policiales para asegurar su idoneidad y confiabilidad. Con este convenio, el municipio de Reforma refuerza su compromiso con la transparencia y la seguridad ciudadana.<\/p>\n<p>&nbsp;<\/p>\n<p>Este tipo de acuerdos es fundamental para mantener la confianza de la ciudadan\u00eda en las instituciones de seguridad p\u00fablica. Adem\u00e1s, se alinea con los objetivos de la pol\u00edtica de \u00abCero Corrupci\u00f3n\u00bb y \u00abConfianza Que Transforma\u00bb que promueven la transparencia y la rendici\u00f3n de cuentas en el gobierno.<\/p>\n","protected":false},"excerpt":{"rendered":"<p>El presidente municipal de Reforma, Pedro Ram\u00edrez Ramos, firm\u00f3 un convenio de coordinaci\u00f3n con el&#8230;<\/p>\n","protected":false},"author":2,"featured_media":30441,"comment_status":"closed","ping_status":"closed","sticky":false,"template":"","format":"standard","meta":{"_joinchat":[],"footnotes":""},"categories":[18,1,2,3],"tags":[],"class_list":["post-30440","post","type-post","status-publish","format-standard","has-post-thumbnail","hentry","category-almomento","category-boletin","category-estado","category-health"],"_links":{"self":[{"href":"https:\/\/icoinformativo.mx\/home\/index.php?rest_route=\/wp\/v2\/posts\/30440","targetHints":{"allow":["GET"]}}],"collection":[{"href":"https:\/\/icoinformativo.mx\/home\/index.php?rest_route=\/wp\/v2\/posts"}],"about":[{"href":"https:\/\/icoinformativo.mx\/home\/index.php?rest_route=\/wp\/v2\/types\/post"}],"author":[{"embeddable":true,"href":"https:\/\/icoinformativo.mx\/home\/index.php?rest_route=\/wp\/v2\/users\/2"}],"replies":[{"embeddable":true,"href":"https:\/\/icoinformativo.mx\/home\/index.php?rest_route=%2Fwp%2Fv2%2Fcomments&post=30440"}],"version-history":[{"count":1,"href":"https:\/\/icoinformativo.mx\/home\/index.php?rest_route=\/wp\/v2\/posts\/30440\/revisions"}],"predecessor-version":[{"id":30442,"href":"https:\/\/icoinformativo.mx\/home\/index.php?rest_route=\/wp\/v2\/posts\/30440\/revisions\/30442"}],"wp:featuredmedia":[{"embeddable":true,"href":"https:\/\/icoinformativo.mx\/home\/index.php?rest_route=\/wp\/v2\/media\/30441"}],"wp:attachment":[{"href":"https:\/\/icoinformativo.mx\/home\/index.php?rest_route=%2Fwp%2Fv2%2Fmedia&parent=30440"}],"wp:term":[{"taxonomy":"category","embeddable":true,"href":"https:\/\/icoinformativo.mx\/home\/index.php?rest_route=%2Fwp%2Fv2%2Fcategories&post=30440"},{"taxonomy":"post_tag","embeddable":true,"href":"https:\/\/icoinformativo.mx\/home\/index.php?rest_route=%2Fwp%2Fv2%2Ftags&post=30440"}],"curies":[{"name":"wp","href":"https:\/\/api.w.org\/{rel}","templated":true}]}}