{"id":30345,"date":"2025-01-30T01:59:36","date_gmt":"2025-01-30T01:59:36","guid":{"rendered":"https:\/\/icoinformativo.mx\/home\/?p=30345"},"modified":"2025-01-30T01:59:36","modified_gmt":"2025-01-30T01:59:36","slug":"cobach-firma-convenio-de-colaboracion-con-semahn","status":"publish","type":"post","link":"https:\/\/icoinformativo.mx\/home\/?p=30345","title":{"rendered":"Cobach firma convenio de colaboraci\u00f3n con Semahn*"},"content":{"rendered":"<p>&nbsp;<\/p>\n<p>\u2022 En el marco del D\u00eda Mundial de la Educaci\u00f3n Ambiental y el inicio de la estrategia \u201cBarum\u201d Educaci\u00f3n Ambiental en la Nueva ERA por un Chiapas Sostenible<\/p>\n<p>&nbsp;<\/p>\n<p>Tuxtla Guti\u00e9rrez, Chiapas; 29 de enero de 2025.- En el auditorio Luis Donaldo Colosio de las oficinas centrales del Colegio de Bachilleres de Chiapas (Cobach), se celebr\u00f3 la firma del convenio de colaboraci\u00f3n entre la Secretar\u00eda de Medio Ambiente e Historia Natural (Semahn) y Cobach, con el prop\u00f3sito de fortalecer las acciones de vinculaci\u00f3n y extensi\u00f3n de la educaci\u00f3n ambiental en los 338 centros escolares.<\/p>\n<p>Esta alianza tiene como objetivo sensibilizar a la comunidad estudiantil sobre la importancia del cuidado del medio ambiente, promoviendo una cultura de sostenibilidad y responsabilidad ecol\u00f3gica.<\/p>\n<p>Miguel Prado de los Santos, director general del Cobach, expres\u00f3 su firme compromiso con el medio ambiente y destac\u00f3 la importancia de las acciones conjuntas que se implementar\u00e1n para crear conciencia ecol\u00f3gica entre las y los estudiantes, asimismo destac\u00f3 que el convenio firmado tiene como prop\u00f3sito llevar a cabo diversas actividades para fortalecer la educaci\u00f3n ambiental en los 338 planteles y CEMSaD, a trav\u00e9s de talleres, y conferencias para informar, sensibilizar y concientizar a las y los estudiantes, docentes y personal administrativo sobre la importancia del cuidado del medio ambiente.<\/p>\n<p>En su intervenci\u00f3n, Magdalena Torres Abarca, titular de la Semahn, se\u00f1al\u00f3 que este convenio es una parte fundamental de la estrategia \u201cBarum\u201d Educaci\u00f3n Ambiental en la Nueva ERA por un Chiapas Sostenible, que busca integrar la educaci\u00f3n ambiental como un pilar en la formaci\u00f3n de las y los j\u00f3venes chiapanecos.<\/p>\n<p>Durante el evento, Mar\u00eda Eugenia Ozuna Hodich, presidenta del Voluntariado del Cobach, hizo entrega de plantas para el embellecimiento y cuidado de los espacios verdes dentro de las instalaciones del Cobach.<\/p>\n<p>Cabe destacar que se promover\u00e1n pr\u00e1cticas agroecol\u00f3gicas que fomenten una conciencia ambiental, alimentaria y de salud entre la comunidad escolar, contribuyendo a un mejor entendimiento de c\u00f3mo nuestras acciones impactan al entorno natural.<\/p>\n<p>La firma de este convenio refuerza el compromiso de ambas instituciones conscientes de la importancia de impulsar una educaci\u00f3n que valore la sostenibilidad y el cuidado del planeta, como parte fundamental de la formaci\u00f3n integral de los j\u00f3venes.<\/p>\n<p>Estuvieron presentes en este evento; Jes\u00fas Antonio Guillen Gordillo, subsecretario de Medio Ambiente y Cambio Clim\u00e1tico; H\u00e9ctor Leonel Ortiz Canizalez, secretario t\u00e9cnico del Cobach; Ana Valdiviezo Hidalgo, directora de Gesti\u00f3n, Investigaci\u00f3n y Educaci\u00f3n Ambiental; y Ulises Alberto Grajales Ni\u00f1o, director de Vinculaci\u00f3n, quienes acompa\u00f1aron a los firmantes y compartieron su apoyo a esta valiosa iniciativa.<\/p>\n","protected":false},"excerpt":{"rendered":"<p>&nbsp; \u2022 En el marco del D\u00eda Mundial de la Educaci\u00f3n Ambiental y el inicio&#8230;<\/p>\n","protected":false},"author":2,"featured_media":30346,"comment_status":"closed","ping_status":"closed","sticky":false,"template":"","format":"standard","meta":{"_joinchat":[],"footnotes":""},"categories":[18,1,2,3],"tags":[],"class_list":["post-30345","post","type-post","status-publish","format-standard","has-post-thumbnail","hentry","category-almomento","category-boletin","category-estado","category-health"],"_links":{"self":[{"href":"https:\/\/icoinformativo.mx\/home\/index.php?rest_route=\/wp\/v2\/posts\/30345","targetHints":{"allow":["GET"]}}],"collection":[{"href":"https:\/\/icoinformativo.mx\/home\/index.php?rest_route=\/wp\/v2\/posts"}],"about":[{"href":"https:\/\/icoinformativo.mx\/home\/index.php?rest_route=\/wp\/v2\/types\/post"}],"author":[{"embeddable":true,"href":"https:\/\/icoinformativo.mx\/home\/index.php?rest_route=\/wp\/v2\/users\/2"}],"replies":[{"embeddable":true,"href":"https:\/\/icoinformativo.mx\/home\/index.php?rest_route=%2Fwp%2Fv2%2Fcomments&post=30345"}],"version-history":[{"count":1,"href":"https:\/\/icoinformativo.mx\/home\/index.php?rest_route=\/wp\/v2\/posts\/30345\/revisions"}],"predecessor-version":[{"id":30347,"href":"https:\/\/icoinformativo.mx\/home\/index.php?rest_route=\/wp\/v2\/posts\/30345\/revisions\/30347"}],"wp:featuredmedia":[{"embeddable":true,"href":"https:\/\/icoinformativo.mx\/home\/index.php?rest_route=\/wp\/v2\/media\/30346"}],"wp:attachment":[{"href":"https:\/\/icoinformativo.mx\/home\/index.php?rest_route=%2Fwp%2Fv2%2Fmedia&parent=30345"}],"wp:term":[{"taxonomy":"category","embeddable":true,"href":"https:\/\/icoinformativo.mx\/home\/index.php?rest_route=%2Fwp%2Fv2%2Fcategories&post=30345"},{"taxonomy":"post_tag","embeddable":true,"href":"https:\/\/icoinformativo.mx\/home\/index.php?rest_route=%2Fwp%2Fv2%2Ftags&post=30345"}],"curies":[{"name":"wp","href":"https:\/\/api.w.org\/{rel}","templated":true}]}}