{"id":30333,"date":"2025-01-29T04:06:30","date_gmt":"2025-01-29T04:06:30","guid":{"rendered":"https:\/\/icoinformativo.mx\/home\/?p=30333"},"modified":"2025-01-29T04:06:30","modified_gmt":"2025-01-29T04:06:30","slug":"alcalde-de-rayon-y-representantes-de-barrios-y-colonias-se-reunen-con-funcionario-de-seguridad-publica","status":"publish","type":"post","link":"https:\/\/icoinformativo.mx\/home\/?p=30333","title":{"rendered":"Alcalde de Ray\u00f3n y representantes de barrios y colonias se re\u00fanen con funcionario de seguridad p\u00fablica"},"content":{"rendered":"<p>El presidente municipal de Ray\u00f3n, Domingo Trejo, acompa\u00f1\u00f3 a un grupo de pobladores de diferentes barrios a la capital de Chiapas, Tuxtla Guti\u00e9rrez, para solicitar acciones concretas en materia de seguridad. Fueron recibidos por el Lic. Jorge Humberto Molina, representante de la Secretar\u00eda de Gobernaci\u00f3n, donde trataron temas de seguridad, vigilancia y operativos constantes para garantizar el bienestar de los habitantes de Ray\u00f3n.<\/p>\n<p>&nbsp;<\/p>\n<p>Trejo destac\u00f3 que seguir\u00e1 trabajando con las autoridades estatales para hacer de Ray\u00f3n un mejor lugar para vivir, y que no se escatimar\u00e1n esfuerzos para garantizar la seguridad de su gente. Esta acci\u00f3n demuestra el compromiso del presidente municipal con la seguridad y el bienestar de su comunidad.<\/p>\n","protected":false},"excerpt":{"rendered":"<p>El presidente municipal de Ray\u00f3n, Domingo Trejo, acompa\u00f1\u00f3 a un grupo de pobladores de diferentes&#8230;<\/p>\n","protected":false},"author":2,"featured_media":30334,"comment_status":"closed","ping_status":"closed","sticky":false,"template":"","format":"standard","meta":{"_joinchat":[],"footnotes":""},"categories":[18,1,2,3],"tags":[],"class_list":["post-30333","post","type-post","status-publish","format-standard","has-post-thumbnail","hentry","category-almomento","category-boletin","category-estado","category-health"],"_links":{"self":[{"href":"https:\/\/icoinformativo.mx\/home\/index.php?rest_route=\/wp\/v2\/posts\/30333","targetHints":{"allow":["GET"]}}],"collection":[{"href":"https:\/\/icoinformativo.mx\/home\/index.php?rest_route=\/wp\/v2\/posts"}],"about":[{"href":"https:\/\/icoinformativo.mx\/home\/index.php?rest_route=\/wp\/v2\/types\/post"}],"author":[{"embeddable":true,"href":"https:\/\/icoinformativo.mx\/home\/index.php?rest_route=\/wp\/v2\/users\/2"}],"replies":[{"embeddable":true,"href":"https:\/\/icoinformativo.mx\/home\/index.php?rest_route=%2Fwp%2Fv2%2Fcomments&post=30333"}],"version-history":[{"count":1,"href":"https:\/\/icoinformativo.mx\/home\/index.php?rest_route=\/wp\/v2\/posts\/30333\/revisions"}],"predecessor-version":[{"id":30335,"href":"https:\/\/icoinformativo.mx\/home\/index.php?rest_route=\/wp\/v2\/posts\/30333\/revisions\/30335"}],"wp:featuredmedia":[{"embeddable":true,"href":"https:\/\/icoinformativo.mx\/home\/index.php?rest_route=\/wp\/v2\/media\/30334"}],"wp:attachment":[{"href":"https:\/\/icoinformativo.mx\/home\/index.php?rest_route=%2Fwp%2Fv2%2Fmedia&parent=30333"}],"wp:term":[{"taxonomy":"category","embeddable":true,"href":"https:\/\/icoinformativo.mx\/home\/index.php?rest_route=%2Fwp%2Fv2%2Fcategories&post=30333"},{"taxonomy":"post_tag","embeddable":true,"href":"https:\/\/icoinformativo.mx\/home\/index.php?rest_route=%2Fwp%2Fv2%2Ftags&post=30333"}],"curies":[{"name":"wp","href":"https:\/\/api.w.org\/{rel}","templated":true}]}}