{"id":30327,"date":"2025-01-29T03:52:46","date_gmt":"2025-01-29T03:52:46","guid":{"rendered":"https:\/\/icoinformativo.mx\/home\/?p=30327"},"modified":"2025-01-29T03:52:46","modified_gmt":"2025-01-29T03:52:46","slug":"gobierno-de-chiapas-y-cnpc-refuerzan-estrategias-preventivas-para-la-temporada-de-incendios-forestales-lluvias-y-ciclones-tropicales-2025","status":"publish","type":"post","link":"https:\/\/icoinformativo.mx\/home\/?p=30327","title":{"rendered":"*Gobierno de Chiapas y CNPC refuerzan estrategias preventivas para la temporada de incendios forestales, lluvias y ciclones tropicales 2025*"},"content":{"rendered":"<p>&nbsp;<\/p>\n<p>* El gobernador Eduardo Ram\u00edrez Aguilar se reuni\u00f3 con la titular de la Coordinaci\u00f3n Nacional de Protecci\u00f3n Civil, Laura Vel\u00e1zquez Alz\u00faa<\/p>\n<p>&nbsp;<\/p>\n<p>El gobernador Eduardo Ram\u00edrez Aguilar sostuvo una reuni\u00f3n de trabajo con la titular de la Coordinaci\u00f3n Nacional de Protecci\u00f3n Civil (CNPC), Laura Vel\u00e1zquez Alz\u00faa, con el objetivo de fortalecer las estrategias conjuntas en materia de gesti\u00f3n y prevenci\u00f3n de riesgos, as\u00ed como en la protecci\u00f3n integral de la poblaci\u00f3n, su patrimonio y el entorno natural.<\/p>\n<p>&nbsp;<\/p>\n<p>Durante el encuentro, Ram\u00edrez Aguilar destac\u00f3 la importancia de unir esfuerzos entre los tres niveles de gobierno y de sumar la participaci\u00f3n activa de la ciudadan\u00eda, con el objetivo de reforzar los protocolos de prevenci\u00f3n de incendios forestales, especialmente en las regiones con mayor incidencia de estos siniestros.<\/p>\n<p>&nbsp;<\/p>\n<p>Acompa\u00f1ado del secretario de Protecci\u00f3n Civil estatal, Mauricio Cordero Rodr\u00edguez, el mandatario agradeci\u00f3 el apoyo constante que el Gobierno Federal, a trav\u00e9s de la CNPC, brinda a Chiapas para salvaguardar tanto a la poblaci\u00f3n como a sus recursos naturales.<\/p>\n<p>&nbsp;<\/p>\n<p>Por su parte, la coordinadora nacional de Protecci\u00f3n Civil, Laura Vel\u00e1zquez Alz\u00faa, destac\u00f3 los resultados positivos obtenidos gracias a las acciones preventivas que el Gobierno de M\u00e9xico impulsa como eje central de la protecci\u00f3n civil en todo el territorio nacional. Asimismo, subray\u00f3 la importancia del trabajo conjunto entre los tres \u00f3rdenes de gobierno para garantizar la seguridad y salvaguardar la vida de la poblaci\u00f3n ante cualquier emergencia.<\/p>\n<p>&nbsp;<\/p>\n<p>Seg\u00fan estad\u00edsticas de 2024, Chiapas registr\u00f3 456 incendios forestales que afectaron una superficie de 187 mil 264 hect\u00e1reas. Ante esta problem\u00e1tica, se implementan estrategias preventivas en materia cultural, f\u00edsica y legal, incluyendo la promoci\u00f3n de la colaboraci\u00f3n interinstitucional, la capacitaci\u00f3n especializada, el incremento de combatientes y la implementaci\u00f3n del Programa del Manejo del Fuego, entre otras. Estas acciones buscan que la entidad deje de ocupar los primeros lugares en este tipo de siniestros a nivel nacional.<\/p>\n<p>&nbsp;<\/p>\n<p>En esta reuni\u00f3n de coordinaci\u00f3n en materia de protecci\u00f3n civil se analizaron las principales incidencias que se presentan en el estado y se coordinaron estrategias clave para fortalecer las pol\u00edticas estatales y municipales en la Gesti\u00f3n Integral de Riesgos (GIR). Entre los acuerdos m\u00e1s destacados se encuentran:<\/p>\n<p>&nbsp;<\/p>\n<p>* Actualizaci\u00f3n del Atlas Estatal de Riesgos: se llevar\u00e1 a cabo la actualizaci\u00f3n del atlas para identificar y mapear las \u00e1reas de mayor vulnerabilidad en el estado, mejorando as\u00ed la planeaci\u00f3n y respuesta ante riesgos.<\/p>\n<p>&nbsp;<\/p>\n<p>* Prevenci\u00f3n de incendios forestales: se activar\u00e1n las acciones establecidas por el Comit\u00e9 Estatal de Manejo de Fuego, incluyendo la gesti\u00f3n de recursos humanos, materiales y financieros. Adem\u00e1s, se implementar\u00e1n medidas como la creaci\u00f3n de brechas cortafuego, l\u00edneas negras y quemas prescritas para prevenir y controlar posibles incendios.<\/p>\n<p>&nbsp;<\/p>\n<p>* Acciones para la temporada de lluvias y ciclones tropicales: las autoridades locales se comprometen a realizar el desazolve de canales, arroyos secos, r\u00edos y otros cuerpos de agua, para reducir el riesgo de inundaciones.<\/p>\n<p>&nbsp;<\/p>\n<p>* Identificaci\u00f3n y atenci\u00f3n a \u00e1reas vulnerables: se llevar\u00e1 a cabo la identificaci\u00f3n de zonas de riesgo, as\u00ed como de viviendas en situaci\u00f3n de vulnerabilidad para priorizar su atenci\u00f3n.<\/p>\n<p>&nbsp;<\/p>\n<p>* Revisi\u00f3n de zonas de riesgo por deslizamientos: se evaluar\u00e1n las \u00e1reas susceptibles a deslizamientos de laderas y se implementar\u00e1n campa\u00f1as comunitarias para prevenir y mitigar riesgos en estas zonas.<\/p>\n<p>&nbsp;<\/p>\n<p>* Capacitaci\u00f3n y preparaci\u00f3n: Se fortalecer\u00e1n las capacidades de los cuerpos de respuesta y atenci\u00f3n de emergencias mediante capacitaciones. Tambi\u00e9n se reforzar\u00e1 la preparaci\u00f3n de refugios temporales para garantizar una respuesta m\u00e1s eficiente ante emergencias.<\/p>\n<p>&nbsp;<\/p>\n<p>Estuvieron presentes: el director general del Centro Nacional de Prevenci\u00f3n de Desastres (Cenapred), Enrique Guevara Ortiz; el director general de Protecci\u00f3n Civil (DGPC), Oscar Zepeda Ramos y el director general para la Gesti\u00f3n de Riesgos (DGGR), Marcos Eduardo Olmos Tomasini, entre otros.<\/p>\n","protected":false},"excerpt":{"rendered":"<p>&nbsp; * El gobernador Eduardo Ram\u00edrez Aguilar se reuni\u00f3 con la titular de la Coordinaci\u00f3n&#8230;<\/p>\n","protected":false},"author":2,"featured_media":30328,"comment_status":"closed","ping_status":"closed","sticky":false,"template":"","format":"standard","meta":{"_joinchat":[],"footnotes":""},"categories":[18,1,2,3],"tags":[],"class_list":["post-30327","post","type-post","status-publish","format-standard","has-post-thumbnail","hentry","category-almomento","category-boletin","category-estado","category-health"],"_links":{"self":[{"href":"https:\/\/icoinformativo.mx\/home\/index.php?rest_route=\/wp\/v2\/posts\/30327","targetHints":{"allow":["GET"]}}],"collection":[{"href":"https:\/\/icoinformativo.mx\/home\/index.php?rest_route=\/wp\/v2\/posts"}],"about":[{"href":"https:\/\/icoinformativo.mx\/home\/index.php?rest_route=\/wp\/v2\/types\/post"}],"author":[{"embeddable":true,"href":"https:\/\/icoinformativo.mx\/home\/index.php?rest_route=\/wp\/v2\/users\/2"}],"replies":[{"embeddable":true,"href":"https:\/\/icoinformativo.mx\/home\/index.php?rest_route=%2Fwp%2Fv2%2Fcomments&post=30327"}],"version-history":[{"count":1,"href":"https:\/\/icoinformativo.mx\/home\/index.php?rest_route=\/wp\/v2\/posts\/30327\/revisions"}],"predecessor-version":[{"id":30329,"href":"https:\/\/icoinformativo.mx\/home\/index.php?rest_route=\/wp\/v2\/posts\/30327\/revisions\/30329"}],"wp:featuredmedia":[{"embeddable":true,"href":"https:\/\/icoinformativo.mx\/home\/index.php?rest_route=\/wp\/v2\/media\/30328"}],"wp:attachment":[{"href":"https:\/\/icoinformativo.mx\/home\/index.php?rest_route=%2Fwp%2Fv2%2Fmedia&parent=30327"}],"wp:term":[{"taxonomy":"category","embeddable":true,"href":"https:\/\/icoinformativo.mx\/home\/index.php?rest_route=%2Fwp%2Fv2%2Fcategories&post=30327"},{"taxonomy":"post_tag","embeddable":true,"href":"https:\/\/icoinformativo.mx\/home\/index.php?rest_route=%2Fwp%2Fv2%2Ftags&post=30327"}],"curies":[{"name":"wp","href":"https:\/\/api.w.org\/{rel}","templated":true}]}}