{"id":30324,"date":"2025-01-29T03:50:42","date_gmt":"2025-01-29T03:50:42","guid":{"rendered":"https:\/\/icoinformativo.mx\/home\/?p=30324"},"modified":"2025-01-29T03:50:42","modified_gmt":"2025-01-29T03:50:42","slug":"inicia-cobach-jornada-academica-2025-con-el-programa-de-alfabetizacion-chiapas-puede","status":"publish","type":"post","link":"https:\/\/icoinformativo.mx\/home\/?p=30324","title":{"rendered":"*Inicia Cobach Jornada Acad\u00e9mica 2025 con el Programa de Alfabetizaci\u00f3n \u00abChiapas Puede\u00bb*"},"content":{"rendered":"<p>&nbsp;<\/p>\n<p>\u2022 En el evento, a realizarse del 27 al 31 de enero, participan unos tres mil docentes distribuidos en 39 sedes de las nueve coordinaciones de zona que conforman este subsistema<\/p>\n<p>&nbsp;<\/p>\n<p>Tuxtla Guti\u00e9rrez, Chiapas, 27 de enero 2025. El Colegio de Bachilleres de Chiapas (Cobach) inici\u00f3 este lunes la Jornada Acad\u00e9mica 2025, donde participan unos tres mil docentes distribuidos en 39 sedes de las nueve coordinaciones de zona que conforman este subsistema educativo, y cuyo eje tem\u00e1tico es el Programa de Alfabetizaci\u00f3n \u201cChiapas Puede\u201d que impulsa el gobierno estatal y federal.<\/p>\n<p>En el marco del evento el director general del Cobach, Miguel Prado de los Santos, destac\u00f3 el esp\u00edritu de esta Jornada que contempla acciones de profesionalizaci\u00f3n docente y directiva, cumpliendo con la responsabilidad institucional de actualizaci\u00f3n acad\u00e9mica y administrativa, con lo que se contribuye a mejorar la pr\u00e1ctica educativa a favor de la comunidad estudiantil.<\/p>\n<p>&nbsp;<\/p>\n<p>Dijo que, entre los diversos cursos y talleres de esta actividad que cada a\u00f1o se realiza en el Cobach, se ha priorizado el programa de alfabetizaci\u00f3n que impulsa en Chiapas el gobernador Eduardo Ram\u00edrez. \u201cTodos tenemos la obligaci\u00f3n de sumarnos a esta iniciativa, pues solo con esfuerzo conjunto se podr\u00e1n reducir las elevadas cifras de personas que no saben leer ni escribir\u201d, abund\u00f3.<\/p>\n<p>&nbsp;<\/p>\n<p>En su mensaje inaugural, Prado de los Santos sostuvo que el evento se trata de un espacio para que las y los maestros, a trav\u00e9s de un di\u00e1logo colegiado y como agentes fundamentales en el proceso educativo, contribuyan a fortalecer los esquemas de formaci\u00f3n continua que den cobertura a las necesidades detectadas de acuerdo a los temas que se identifican como prioritarios en su desempe\u00f1o en el aula.<\/p>\n<p>Al interactuar de manera virtual con las y los participantes en el arranque de esta Jornada Acad\u00e9mica, el titular del Cobach precis\u00f3 que por instrucciones del mandatario chiapaneco se est\u00e1n empleando todas las herramientas psicopedag\u00f3gicas necesarias para fortalecer el proceso de formaci\u00f3n de las y los estudiantes de todos los niveles educativos en Chiapas.<\/p>\n<p>De esta forma y previ\u00f3 al inicio del pr\u00f3ximo ciclo semestral, a trav\u00e9s de una planeaci\u00f3n estrat\u00e9gica se est\u00e1n implementando una serie de acciones acad\u00e9micas y administrativas que garanticen un mejor retorno a las actividades en cada uno de los centros educativos.<\/p>\n","protected":false},"excerpt":{"rendered":"<p>&nbsp; \u2022 En el evento, a realizarse del 27 al 31 de enero, participan unos&#8230;<\/p>\n","protected":false},"author":2,"featured_media":30325,"comment_status":"closed","ping_status":"closed","sticky":false,"template":"","format":"standard","meta":{"_joinchat":[],"footnotes":""},"categories":[18,1,2,3],"tags":[],"class_list":["post-30324","post","type-post","status-publish","format-standard","has-post-thumbnail","hentry","category-almomento","category-boletin","category-estado","category-health"],"_links":{"self":[{"href":"https:\/\/icoinformativo.mx\/home\/index.php?rest_route=\/wp\/v2\/posts\/30324","targetHints":{"allow":["GET"]}}],"collection":[{"href":"https:\/\/icoinformativo.mx\/home\/index.php?rest_route=\/wp\/v2\/posts"}],"about":[{"href":"https:\/\/icoinformativo.mx\/home\/index.php?rest_route=\/wp\/v2\/types\/post"}],"author":[{"embeddable":true,"href":"https:\/\/icoinformativo.mx\/home\/index.php?rest_route=\/wp\/v2\/users\/2"}],"replies":[{"embeddable":true,"href":"https:\/\/icoinformativo.mx\/home\/index.php?rest_route=%2Fwp%2Fv2%2Fcomments&post=30324"}],"version-history":[{"count":1,"href":"https:\/\/icoinformativo.mx\/home\/index.php?rest_route=\/wp\/v2\/posts\/30324\/revisions"}],"predecessor-version":[{"id":30326,"href":"https:\/\/icoinformativo.mx\/home\/index.php?rest_route=\/wp\/v2\/posts\/30324\/revisions\/30326"}],"wp:featuredmedia":[{"embeddable":true,"href":"https:\/\/icoinformativo.mx\/home\/index.php?rest_route=\/wp\/v2\/media\/30325"}],"wp:attachment":[{"href":"https:\/\/icoinformativo.mx\/home\/index.php?rest_route=%2Fwp%2Fv2%2Fmedia&parent=30324"}],"wp:term":[{"taxonomy":"category","embeddable":true,"href":"https:\/\/icoinformativo.mx\/home\/index.php?rest_route=%2Fwp%2Fv2%2Fcategories&post=30324"},{"taxonomy":"post_tag","embeddable":true,"href":"https:\/\/icoinformativo.mx\/home\/index.php?rest_route=%2Fwp%2Fv2%2Ftags&post=30324"}],"curies":[{"name":"wp","href":"https:\/\/api.w.org\/{rel}","templated":true}]}}