{"id":30321,"date":"2025-01-29T03:48:13","date_gmt":"2025-01-29T03:48:13","guid":{"rendered":"https:\/\/icoinformativo.mx\/home\/?p=30321"},"modified":"2025-01-29T03:48:13","modified_gmt":"2025-01-29T03:48:13","slug":"coneculta-anuncia-programacion-de-la-76-muestra-internacional-de-cine","status":"publish","type":"post","link":"https:\/\/icoinformativo.mx\/home\/?p=30321","title":{"rendered":"*Coneculta anuncia programaci\u00f3n de la 76 Muestra Internacional de Cine*"},"content":{"rendered":"<p>&nbsp;<\/p>\n<p>\u2022 Se llevar\u00e1 a cabo en el Auditorio General del Centro Cultural de Chiapas Jaime Sabines, del 6 al 15 de febrero con funciones a las 19:00 horas<\/p>\n<p>Tuxtla Guti\u00e9rrez, Chiapas.- El Consejo Estatal para las Culturas y las Artes de Chiapas (Coneculta), present\u00f3 en rueda de prensa la programaci\u00f3n de la 76 Muestra Internacional de Cine (MIC), la cual se llevar\u00e1 a cabo en el Auditorio General del Centro Cultural de Chiapas Jaime Sabines, del 6 al 15 de febrero con funciones a las 19:00 horas.<br \/>\nCon un total de 9 t\u00edtulos de aclamados directores como V\u00edctor Erice, Leos Carax y Les Blank, la 76 MIC se realizar\u00e1 mediante la iniciativa de La Muestra es Nuestra, en alianza con el Coneculta y el Sistema Chiapaneco de Radio, Televisi\u00f3n y Cinematograf\u00eda.<br \/>\nAng\u00e9lica Altuzar Constantino, directora general del Coneculta, destac\u00f3 la importancia del s\u00e9ptimo arte que, desde su creaci\u00f3n, ofrece perspectivas sobre la vida cotidiana, refleja las vicisitudes de la sociedad y explora la psicolog\u00eda humana, entregando historias visuales que cuestionan al espectador.<br \/>\nPor ello, celebr\u00f3 esta sinergia de voluntades para acercar al p\u00fablico narrativas sobre p\u00e9rdidas emocionales, memoria e identidad, neurodivergencias y desplazamientos forzados, con producciones de diferentes geograf\u00edas: M\u00e9xico, Estados Unidos, Ir\u00e1n, Pa\u00edses Bajos, Francia, Argentina, Chile, Uruguay, Alemania y Taiw\u00e1n.<br \/>\nAsimismo, la titular del Coneculta celebr\u00f3 que el gobernador del Estado, Eduardo Ram\u00edrez Aguilar, impulse la producci\u00f3n cinematogr\u00e1fica y genere un intercambio cultural que promueva la diversidad visual y la oportunidad de que el p\u00fablico conozca nuevas narrativas.<br \/>\nLa 76 Muestra Internacional de Cine incluye desde cl\u00e1sicos restaurados hasta las m\u00e1s recientes producciones de reconocidos cineastas y \u00f3peras primas galardonadas en festivales internacionales.<br \/>\nIniciar\u00e1 este jueves 6 de febrero con la pel\u00edcula Profundo carmes\u00ed, del director mexicano Arturo Ripstein. El cl\u00e1sico filme de 1996 se relanza con una versi\u00f3n restaurada e in\u00e9dita, que incluye una serie de secuencias que en su momento fueron eliminadas a causa de la visi\u00f3n moral de la \u00e9poca.<br \/>\nEl viernes 7 se proyectar\u00e1 Memory, del cineasta mexicano Michel Franco, quien presenta una historia de amor que destaca por un desenlace profundamente esperanzador, lo que contrasta con el resto de su filmograf\u00eda, caracterizada por su postura cr\u00edtica.<br \/>\nLa MIC continuar\u00e1 el s\u00e1bado 8 con Tierra de hermanos, primer largometraje de los iran\u00edes Raha Amirfazli y Alireza Ghasemi, y que les otorg\u00f3 el Premio de Direcci\u00f3n en la Competencia Mundial de Cine Dram\u00e1tico del Festival de Cine de Sundance.<br \/>\nEl lunes 10 el p\u00fablico podr\u00e1 disfrutar de Sim\u00f3n de la monta\u00f1a, \u00f3pera prima del cineasta Federico Luis Tachella, (Argentina-Chile-Uruguay, 2024), ganadora del Gran Premio de la Semana de la Cr\u00edtica en Cannes 2024.<br \/>\nEl martes 11 podr\u00e1n ver Un viaje en primavera, (Taiw\u00e1n, 2023) de Peng Tzu-Hui y Wang Ping Wenes, una \u00f3pera prima elegante y contemplativa. Para el mi\u00e9rcoles 12 la MIC presentar\u00e1 Cerrar los ojos, (Espa\u00f1a, Argentina 2023), un drama nost\u00e1lgico y autorreflexivo sobre la memoria, la identidad, el paso del tiempo y la amistad, siendo una carta de amor al cine marcada por claras referencias a la carrera del cineasta.<br \/>\nEl jueves 13 proyectar\u00e1n It\u2019s Not Me (Francia, 2024), un mediometraje autobiogr\u00e1fico de 40 minutos, que, a trav\u00e9s de un collage repasa m\u00e1s de 40 a\u00f1os de la filmograf\u00eda de Carax.<br \/>\nMientras que, el viernes 14 el p\u00fablico podr\u00e1 disfrutar de Misericordia (Francia, 2024), del director Alain Guiraudie. Una pel\u00edcula que parece en principio un acercamiento dram\u00e1tico a esa cargada palabra, para irse revelando de a poco como un genial ejercicio c\u00f3mico, con una buena dosis de humor negro y de anticlerical irreverencia, ambas especialidades de su director.<br \/>\nLa 76 MIC finalizar\u00e1 el s\u00e1bado 15 de febrero con El pesar de los sue\u00f1os, (Burden of dreams, Estados Unidos-Alemania, 1982) de Les Blank, uno de los documentales m\u00e1s notables jam\u00e1s realizados sobre el rodaje de una pel\u00edcula.<br \/>\nPara mayor informaci\u00f3n, consulta las redes sociales y p\u00e1gina web del Coneculta www.conecultachiapas.gob.mx<br \/>\n#Coneculta #Culturaquetransforma<\/p>\n","protected":false},"excerpt":{"rendered":"<p>&nbsp; \u2022 Se llevar\u00e1 a cabo en el Auditorio General del Centro Cultural de Chiapas&#8230;<\/p>\n","protected":false},"author":2,"featured_media":30322,"comment_status":"closed","ping_status":"closed","sticky":false,"template":"","format":"standard","meta":{"_joinchat":[],"footnotes":""},"categories":[18,1,2,3],"tags":[],"class_list":["post-30321","post","type-post","status-publish","format-standard","has-post-thumbnail","hentry","category-almomento","category-boletin","category-estado","category-health"],"_links":{"self":[{"href":"https:\/\/icoinformativo.mx\/home\/index.php?rest_route=\/wp\/v2\/posts\/30321","targetHints":{"allow":["GET"]}}],"collection":[{"href":"https:\/\/icoinformativo.mx\/home\/index.php?rest_route=\/wp\/v2\/posts"}],"about":[{"href":"https:\/\/icoinformativo.mx\/home\/index.php?rest_route=\/wp\/v2\/types\/post"}],"author":[{"embeddable":true,"href":"https:\/\/icoinformativo.mx\/home\/index.php?rest_route=\/wp\/v2\/users\/2"}],"replies":[{"embeddable":true,"href":"https:\/\/icoinformativo.mx\/home\/index.php?rest_route=%2Fwp%2Fv2%2Fcomments&post=30321"}],"version-history":[{"count":1,"href":"https:\/\/icoinformativo.mx\/home\/index.php?rest_route=\/wp\/v2\/posts\/30321\/revisions"}],"predecessor-version":[{"id":30323,"href":"https:\/\/icoinformativo.mx\/home\/index.php?rest_route=\/wp\/v2\/posts\/30321\/revisions\/30323"}],"wp:featuredmedia":[{"embeddable":true,"href":"https:\/\/icoinformativo.mx\/home\/index.php?rest_route=\/wp\/v2\/media\/30322"}],"wp:attachment":[{"href":"https:\/\/icoinformativo.mx\/home\/index.php?rest_route=%2Fwp%2Fv2%2Fmedia&parent=30321"}],"wp:term":[{"taxonomy":"category","embeddable":true,"href":"https:\/\/icoinformativo.mx\/home\/index.php?rest_route=%2Fwp%2Fv2%2Fcategories&post=30321"},{"taxonomy":"post_tag","embeddable":true,"href":"https:\/\/icoinformativo.mx\/home\/index.php?rest_route=%2Fwp%2Fv2%2Ftags&post=30321"}],"curies":[{"name":"wp","href":"https:\/\/api.w.org\/{rel}","templated":true}]}}