{"id":30318,"date":"2025-01-29T03:43:49","date_gmt":"2025-01-29T03:43:49","guid":{"rendered":"https:\/\/icoinformativo.mx\/home\/?p=30318"},"modified":"2025-01-29T03:43:49","modified_gmt":"2025-01-29T03:43:49","slug":"instalacion-del-comite-humanista-de-proteccion-civil-en-el-ejido-dr-belisario-dominguez","status":"publish","type":"post","link":"https:\/\/icoinformativo.mx\/home\/?p=30318","title":{"rendered":"INSTALACI\u00d3N DEL COMIT\u00c9 HUMANISTA DE PROTECCI\u00d3N CIVIL EN EL EJIDO DR. BELISARIO DOM\u00cdNGUEZ"},"content":{"rendered":"<p>&nbsp;<\/p>\n<p>Con el objetivo de fortalecer las capacidades comunitarias en materia de prevenci\u00f3n y preparaci\u00f3n ante desastres, el Gobierno Municipal que preside Oscar Serra Cantoral, a trav\u00e9s de la Secretar\u00eda Municipal de Protecci\u00f3n Civil, llev\u00f3 a cabo la instalaci\u00f3n del Comit\u00e9 Humanista de Protecci\u00f3n Civil en el Ejido Dr. Belisario Dom\u00ednguez. Esta acci\u00f3n se realiza como parte del Programa de Prevenci\u00f3n de Protecci\u00f3n Civil (PP5), impulsando una sociedad m\u00e1s resiliente y comprometida con la seguridad de sus comunidades.<\/p>\n<p>&nbsp;<\/p>\n<p>En representaci\u00f3n del presidente municipal, estuvo presente la S\u00edndico Municipal, Felisa Soberano Zenteno, acompa\u00f1ada del Secretario Municipal de Protecci\u00f3n Civil, Luis Benjam\u00edn Pichardo Soberano, quienes destacaron la relevancia de este esfuerzo para la construcci\u00f3n de una plataforma comunitaria s\u00f3lida.<\/p>\n<p>&nbsp;<\/p>\n<p>La S\u00edndico Municipal, Felisa Soberano Zenteno, enfatiz\u00f3: \u00abEste comit\u00e9 es una muestra del compromiso que tenemos con nuestras comunidades, trabajando juntos para identificar riesgos y desarrollar estrategias que nos permitan proteger lo m\u00e1s valioso que tenemos: la vida y el bienestar de nuestra gente. Seguiremos fortaleciendo estos espacios con capacitaci\u00f3n y equipo necesario para que est\u00e9n preparados ante cualquier adversidad.\u00bb<\/p>\n<p>&nbsp;<\/p>\n<p>Por su parte, el Secretario Municipal de Protecci\u00f3n Civil, Luis Benjam\u00edn Pichardo Soberano, resalt\u00f3: \u00abLa prevenci\u00f3n es clave para enfrentar los retos que nos imponen los fen\u00f3menos naturales. Con la integraci\u00f3n de este comit\u00e9, damos un paso firme hacia una protecci\u00f3n civil m\u00e1s participativa y efectiva. Nuestro compromiso es brindarles las herramientas, talleres y capacitaciones necesarias para que puedan desempe\u00f1ar su labor con eficiencia.\u00bb<\/p>\n<p>&nbsp;<\/p>\n<p>El Comit\u00e9 Humanista de Protecci\u00f3n Civil est\u00e1 conformado por voluntarios del ejido, quienes recibieron su acreditaci\u00f3n mediante acta formal para ser notificados ante las autoridades estatales. Este grupo trabajar\u00e1 activamente en la identificaci\u00f3n de riesgos en su comunidad y participar\u00e1 en talleres y capacitaciones continuas, as\u00ed como en el manejo de equipamiento b\u00e1sico.<\/p>\n<p>&nbsp;<\/p>\n<p>Con Estas acciones el Gobierno Municipal refuerzan la estrategia para construir una red s\u00f3lida de Comit\u00e9s de Prevenci\u00f3n y Participaci\u00f3n Ciudadana, promoviendo el desarrollo sostenible y la seguridad integral de las comunidades en todo el municipio.<\/p>\n<p>&nbsp;<\/p>\n<p>#SomosPreventivos<\/p>\n<p>#HumanismoQueTransforma<\/p>\n<p>#SigamosHaciendoloJuntos<\/p>\n","protected":false},"excerpt":{"rendered":"<p>&nbsp; Con el objetivo de fortalecer las capacidades comunitarias en materia de prevenci\u00f3n y preparaci\u00f3n&#8230;<\/p>\n","protected":false},"author":2,"featured_media":30319,"comment_status":"closed","ping_status":"closed","sticky":false,"template":"","format":"standard","meta":{"_joinchat":[],"footnotes":""},"categories":[18,1,2,3],"tags":[],"class_list":["post-30318","post","type-post","status-publish","format-standard","has-post-thumbnail","hentry","category-almomento","category-boletin","category-estado","category-health"],"_links":{"self":[{"href":"https:\/\/icoinformativo.mx\/home\/index.php?rest_route=\/wp\/v2\/posts\/30318","targetHints":{"allow":["GET"]}}],"collection":[{"href":"https:\/\/icoinformativo.mx\/home\/index.php?rest_route=\/wp\/v2\/posts"}],"about":[{"href":"https:\/\/icoinformativo.mx\/home\/index.php?rest_route=\/wp\/v2\/types\/post"}],"author":[{"embeddable":true,"href":"https:\/\/icoinformativo.mx\/home\/index.php?rest_route=\/wp\/v2\/users\/2"}],"replies":[{"embeddable":true,"href":"https:\/\/icoinformativo.mx\/home\/index.php?rest_route=%2Fwp%2Fv2%2Fcomments&post=30318"}],"version-history":[{"count":1,"href":"https:\/\/icoinformativo.mx\/home\/index.php?rest_route=\/wp\/v2\/posts\/30318\/revisions"}],"predecessor-version":[{"id":30320,"href":"https:\/\/icoinformativo.mx\/home\/index.php?rest_route=\/wp\/v2\/posts\/30318\/revisions\/30320"}],"wp:featuredmedia":[{"embeddable":true,"href":"https:\/\/icoinformativo.mx\/home\/index.php?rest_route=\/wp\/v2\/media\/30319"}],"wp:attachment":[{"href":"https:\/\/icoinformativo.mx\/home\/index.php?rest_route=%2Fwp%2Fv2%2Fmedia&parent=30318"}],"wp:term":[{"taxonomy":"category","embeddable":true,"href":"https:\/\/icoinformativo.mx\/home\/index.php?rest_route=%2Fwp%2Fv2%2Fcategories&post=30318"},{"taxonomy":"post_tag","embeddable":true,"href":"https:\/\/icoinformativo.mx\/home\/index.php?rest_route=%2Fwp%2Fv2%2Ftags&post=30318"}],"curies":[{"name":"wp","href":"https:\/\/api.w.org\/{rel}","templated":true}]}}