{"id":30283,"date":"2025-01-28T03:16:22","date_gmt":"2025-01-28T03:16:22","guid":{"rendered":"https:\/\/icoinformativo.mx\/home\/?p=30283"},"modified":"2025-01-28T03:16:22","modified_gmt":"2025-01-28T03:16:22","slug":"icatech-y-teech-firman-convenio-de-colaboracion","status":"publish","type":"post","link":"https:\/\/icoinformativo.mx\/home\/?p=30283","title":{"rendered":"*Icatech y TEECH firman convenio de colaboraci\u00f3n*"},"content":{"rendered":"<p>&nbsp;<\/p>\n<p>&#8211; El objetivo de este acuerdo interinstitucional es reforzar la profesionalizaci\u00f3n del personal de ese \u00f3rgano jurisdiccional<\/p>\n<p>&nbsp;<\/p>\n<p>Tuxtla Guti\u00e9rrez, Chiapas.- El director general del Instituto de Capacitaci\u00f3n y Vinculaci\u00f3n Tecnol\u00f3gica del Estado de Chiapas (Icatech), C\u00e9sar Espinosa Morales, y la magistrada presidenta del Tribunal Electoral del Estado de Chiapas (TEECH), Magali Arellano C\u00f3rdova, llevaron a cabo la firma de un convenio de colaboraci\u00f3n con el objetivo de trabajar en la profesionalizaci\u00f3n del personal de dicho \u00f3rgano jurisdiccional, fortaleciendo sus competencias para garantizar un desempe\u00f1o m\u00e1s eficiente en sus funciones.<\/p>\n<p>&nbsp;<\/p>\n<p>En este marco, Espinosa Morales refrend\u00f3 su compromiso de brindar talleres y capacitaciones dise\u00f1adas para atender las necesidades del personal del Tribunal Electoral, reafirmando con ello la necesidad de impulsar el desarrollo profesional de las y los servidores p\u00fablicos, a trav\u00e9s de programas de capacitaci\u00f3n en un enfoque humanista.<\/p>\n<p>&nbsp;<\/p>\n<p>\u201cA trav\u00e9s de este acuerdo, ambas instituciones unir\u00e1n esfuerzos y caminar\u00e1n para ofrecer programas especializados, lo que permitir\u00e1 a los funcionarios electorales fortalecer los conocimientos y habilidades necesarios para desempe\u00f1ar sus funciones de manera efectiva\u201d, expuso.<\/p>\n<p>&nbsp;<\/p>\n<p>Por su parte, Arellano C\u00f3rdova, quien estuvo acompa\u00f1ada de los magistrados Gilberto B\u00e1tiz Garc\u00eda y Sof\u00eda Ruiz Olvera, se\u00f1al\u00f3 que con este convenio se sientan las bases para consolidar acciones en beneficio del servicio p\u00fablico, espacio donde se necesitan personas con altas competencias de formaci\u00f3n, desarrollo de la cooperaci\u00f3n y crecimiento personal y profesional.<\/p>\n<p>&nbsp;<\/p>\n<p>\u201cEste convenio abre el espacio para el di\u00e1logo y el intercambio de experiencias en los \u00e1mbitos de la investigaci\u00f3n, divulgaci\u00f3n y la evaluaci\u00f3n de impacto de los procesos acad\u00e9micos. Por ello, como instituci\u00f3n adoptaremos todas las acciones de mejora de la cultura institucional como, perspectiva de g\u00e9nero, garant\u00eda de los derechos humanos, transparencia y formaci\u00f3n humana\u201d, puntualiz\u00f3.<\/p>\n","protected":false},"excerpt":{"rendered":"<p>&nbsp; &#8211; El objetivo de este acuerdo interinstitucional es reforzar la profesionalizaci\u00f3n del personal de&#8230;<\/p>\n","protected":false},"author":2,"featured_media":30284,"comment_status":"closed","ping_status":"closed","sticky":false,"template":"","format":"standard","meta":{"_joinchat":[],"footnotes":""},"categories":[18,1,2,3],"tags":[],"class_list":["post-30283","post","type-post","status-publish","format-standard","has-post-thumbnail","hentry","category-almomento","category-boletin","category-estado","category-health"],"_links":{"self":[{"href":"https:\/\/icoinformativo.mx\/home\/index.php?rest_route=\/wp\/v2\/posts\/30283","targetHints":{"allow":["GET"]}}],"collection":[{"href":"https:\/\/icoinformativo.mx\/home\/index.php?rest_route=\/wp\/v2\/posts"}],"about":[{"href":"https:\/\/icoinformativo.mx\/home\/index.php?rest_route=\/wp\/v2\/types\/post"}],"author":[{"embeddable":true,"href":"https:\/\/icoinformativo.mx\/home\/index.php?rest_route=\/wp\/v2\/users\/2"}],"replies":[{"embeddable":true,"href":"https:\/\/icoinformativo.mx\/home\/index.php?rest_route=%2Fwp%2Fv2%2Fcomments&post=30283"}],"version-history":[{"count":1,"href":"https:\/\/icoinformativo.mx\/home\/index.php?rest_route=\/wp\/v2\/posts\/30283\/revisions"}],"predecessor-version":[{"id":30285,"href":"https:\/\/icoinformativo.mx\/home\/index.php?rest_route=\/wp\/v2\/posts\/30283\/revisions\/30285"}],"wp:featuredmedia":[{"embeddable":true,"href":"https:\/\/icoinformativo.mx\/home\/index.php?rest_route=\/wp\/v2\/media\/30284"}],"wp:attachment":[{"href":"https:\/\/icoinformativo.mx\/home\/index.php?rest_route=%2Fwp%2Fv2%2Fmedia&parent=30283"}],"wp:term":[{"taxonomy":"category","embeddable":true,"href":"https:\/\/icoinformativo.mx\/home\/index.php?rest_route=%2Fwp%2Fv2%2Fcategories&post=30283"},{"taxonomy":"post_tag","embeddable":true,"href":"https:\/\/icoinformativo.mx\/home\/index.php?rest_route=%2Fwp%2Fv2%2Ftags&post=30283"}],"curies":[{"name":"wp","href":"https:\/\/api.w.org\/{rel}","templated":true}]}}