{"id":30280,"date":"2025-01-28T03:14:11","date_gmt":"2025-01-28T03:14:11","guid":{"rendered":"https:\/\/icoinformativo.mx\/home\/?p=30280"},"modified":"2025-01-28T03:14:32","modified_gmt":"2025-01-28T03:14:32","slug":"iap-chiapas-realizo-coloquio-de-investigacion-en-el-marco-del-dia-internacional-de-la-educacion","status":"publish","type":"post","link":"https:\/\/icoinformativo.mx\/home\/?p=30280","title":{"rendered":"*IAP Chiapas realiz\u00f3 Coloquio de Investigaci\u00f3n en el marco del D\u00eda Internacional de la Educaci\u00f3n*"},"content":{"rendered":"<p>Con humanismo transformador en esta Nueva ERA<\/p>\n<p>&#8211; Aplicado en el contexto de los posgrados del IAP Chiapas<\/p>\n<p>&nbsp;<\/p>\n<p>Tuxtla Guti\u00e9rrez, Chiapas; 27 de enero de 2025.- El Instituto de Administraci\u00f3n P\u00fablica del Estado de Chiapas (IAP), que dirige Lysette Raquel Lameiro Camacho, organiz\u00f3 en el marco del D\u00eda Internacional de la Educaci\u00f3n, un coloquio de Investigaci\u00f3n aplicada en el contexto de los posgrados del IAP Chiapas con humanismo transformador en esta Nueva ERA.<\/p>\n<p>En su mensaje la presidenta del IAP Chiapas expres\u00f3 que se congregaron con el prop\u00f3sito de que este coloquio no solo fuera una oportunidad para compartir los avances de sus tesis, sino tambi\u00e9n para reflexionar sobre los retos superados, los aprendizajes adquiridos y el impacto que sus investigaciones generan.<\/p>\n<p>En este contexto, se\u00f1al\u00f3 que el Coloquio Doctoral m\u00e1s que un evento acad\u00e9mico es una plataforma para el crecimiento, un espacio para fortalecer sus habilidades de comunicaci\u00f3n, enriquecer sus ideas con retroalimentaci\u00f3n y avanzar en su desarrollo como acad\u00e9micos de excelencia.<\/p>\n<p>Finalmente, refrend\u00f3 el compromiso de garantizar que nadie quede atr\u00e1s y que el aprendizaje sea un camino inclusivo y accesible para todos, tal y como lo ha promovido el gobernador del Estado, Eduardo Ram\u00edrez Aguilar, con el programa de alfabetizaci\u00f3n \u201cChiapas Puede\u201d.<\/p>\n<p>En este coloquio organizado por el IAP, estuvieron presentes: docentes, estudiantes e investigadores, as\u00ed como el Consejo Directivo del IAP Chiapas.<\/p>\n","protected":false},"excerpt":{"rendered":"<p>Con humanismo transformador en esta Nueva ERA &#8211; Aplicado en el contexto de los posgrados&#8230;<\/p>\n","protected":false},"author":2,"featured_media":30281,"comment_status":"closed","ping_status":"closed","sticky":false,"template":"","format":"standard","meta":{"_joinchat":[],"footnotes":""},"categories":[18,1,2,3],"tags":[],"class_list":["post-30280","post","type-post","status-publish","format-standard","has-post-thumbnail","hentry","category-almomento","category-boletin","category-estado","category-health"],"_links":{"self":[{"href":"https:\/\/icoinformativo.mx\/home\/index.php?rest_route=\/wp\/v2\/posts\/30280","targetHints":{"allow":["GET"]}}],"collection":[{"href":"https:\/\/icoinformativo.mx\/home\/index.php?rest_route=\/wp\/v2\/posts"}],"about":[{"href":"https:\/\/icoinformativo.mx\/home\/index.php?rest_route=\/wp\/v2\/types\/post"}],"author":[{"embeddable":true,"href":"https:\/\/icoinformativo.mx\/home\/index.php?rest_route=\/wp\/v2\/users\/2"}],"replies":[{"embeddable":true,"href":"https:\/\/icoinformativo.mx\/home\/index.php?rest_route=%2Fwp%2Fv2%2Fcomments&post=30280"}],"version-history":[{"count":1,"href":"https:\/\/icoinformativo.mx\/home\/index.php?rest_route=\/wp\/v2\/posts\/30280\/revisions"}],"predecessor-version":[{"id":30282,"href":"https:\/\/icoinformativo.mx\/home\/index.php?rest_route=\/wp\/v2\/posts\/30280\/revisions\/30282"}],"wp:featuredmedia":[{"embeddable":true,"href":"https:\/\/icoinformativo.mx\/home\/index.php?rest_route=\/wp\/v2\/media\/30281"}],"wp:attachment":[{"href":"https:\/\/icoinformativo.mx\/home\/index.php?rest_route=%2Fwp%2Fv2%2Fmedia&parent=30280"}],"wp:term":[{"taxonomy":"category","embeddable":true,"href":"https:\/\/icoinformativo.mx\/home\/index.php?rest_route=%2Fwp%2Fv2%2Fcategories&post=30280"},{"taxonomy":"post_tag","embeddable":true,"href":"https:\/\/icoinformativo.mx\/home\/index.php?rest_route=%2Fwp%2Fv2%2Ftags&post=30280"}],"curies":[{"name":"wp","href":"https:\/\/api.w.org\/{rel}","templated":true}]}}