{"id":30277,"date":"2025-01-28T03:10:48","date_gmt":"2025-01-28T03:10:48","guid":{"rendered":"https:\/\/icoinformativo.mx\/home\/?p=30277"},"modified":"2025-01-28T03:10:48","modified_gmt":"2025-01-28T03:10:48","slug":"atiende-secretaria-de-educacion-a-estudiantes-egresados-de-la-escuela-normal-mactumactza","status":"publish","type":"post","link":"https:\/\/icoinformativo.mx\/home\/?p=30277","title":{"rendered":"*Atiende Secretar\u00eda de Educaci\u00f3n a estudiantes egresados de la Escuela Normal Mactumactz\u00e1*"},"content":{"rendered":"<p>&nbsp;<\/p>\n<p>Tuxtla Guti\u00e9rrez.\u2013 La Secretar\u00eda de Educaci\u00f3n, a trav\u00e9s de la Subsecretar\u00eda de Educaci\u00f3n Estatal, atendi\u00f3 la ma\u00f1ana de este lunes a una comitiva de j\u00f3venes estudiantes procedentes de la Escuela Normal Rural Mactumactz\u00e1, con el fin de esclarecer sus dudas respecto a la asignaci\u00f3n de plazas docentes.<\/p>\n<p>&nbsp;<\/p>\n<p>El subsecretario Educaci\u00f3n, Gilberto de los Santos Cruz, fue el encargado de recibirlos en la sala de juntas de la dependencia estatal, donde en el marco de una pl\u00e1tica cordial y de respeto abordaron punto por punto los aspectos que les han generado dudas con respecto al referido tema.<\/p>\n<p>&nbsp;<\/p>\n<p>En este marco, los j\u00f3venes aprovecharon para expresar al subsecretario que ven con buenos ojos a este gobierno y sus proyectos, especialmente el Programa de Alfabetizaci\u00f3n \u201cChiapas Puede\u201d.<\/p>\n<p>&nbsp;<\/p>\n<p>Por su parte, Gilberto los Santos reiter\u00f3 que la Secretar\u00eda de Educaci\u00f3n est\u00e1 en la mayor disposici\u00f3n para que, trav\u00e9s del di\u00e1logo y la concertaci\u00f3n, se brinden las mejores soluciones a sus necesidades, ya que como lo ha expuesto el secretario de Educaci\u00f3n en Chiapas, las y los normalistas son la base del proceso educativo y agentes fundamentales de cambio.<\/p>\n<p>&nbsp;<\/p>\n<p>Finalmente, ambas partes se comprometieron a hacer una agenda de trabajo, un estudio de las vacantes y exponerlas en la siguiente reuni\u00f3n programada para el pr\u00f3ximo jueves, en la que se tiene tambi\u00e9n estimada la presencia del subsecretario de Educaci\u00f3n Federalizada, Alfredo Ram\u00edrez Guzm\u00e1n.<\/p>\n","protected":false},"excerpt":{"rendered":"<p>&nbsp; Tuxtla Guti\u00e9rrez.\u2013 La Secretar\u00eda de Educaci\u00f3n, a trav\u00e9s de la Subsecretar\u00eda de Educaci\u00f3n Estatal,&#8230;<\/p>\n","protected":false},"author":2,"featured_media":30278,"comment_status":"closed","ping_status":"closed","sticky":false,"template":"","format":"standard","meta":{"_joinchat":[],"footnotes":""},"categories":[18,1,2,3],"tags":[],"class_list":["post-30277","post","type-post","status-publish","format-standard","has-post-thumbnail","hentry","category-almomento","category-boletin","category-estado","category-health"],"_links":{"self":[{"href":"https:\/\/icoinformativo.mx\/home\/index.php?rest_route=\/wp\/v2\/posts\/30277","targetHints":{"allow":["GET"]}}],"collection":[{"href":"https:\/\/icoinformativo.mx\/home\/index.php?rest_route=\/wp\/v2\/posts"}],"about":[{"href":"https:\/\/icoinformativo.mx\/home\/index.php?rest_route=\/wp\/v2\/types\/post"}],"author":[{"embeddable":true,"href":"https:\/\/icoinformativo.mx\/home\/index.php?rest_route=\/wp\/v2\/users\/2"}],"replies":[{"embeddable":true,"href":"https:\/\/icoinformativo.mx\/home\/index.php?rest_route=%2Fwp%2Fv2%2Fcomments&post=30277"}],"version-history":[{"count":1,"href":"https:\/\/icoinformativo.mx\/home\/index.php?rest_route=\/wp\/v2\/posts\/30277\/revisions"}],"predecessor-version":[{"id":30279,"href":"https:\/\/icoinformativo.mx\/home\/index.php?rest_route=\/wp\/v2\/posts\/30277\/revisions\/30279"}],"wp:featuredmedia":[{"embeddable":true,"href":"https:\/\/icoinformativo.mx\/home\/index.php?rest_route=\/wp\/v2\/media\/30278"}],"wp:attachment":[{"href":"https:\/\/icoinformativo.mx\/home\/index.php?rest_route=%2Fwp%2Fv2%2Fmedia&parent=30277"}],"wp:term":[{"taxonomy":"category","embeddable":true,"href":"https:\/\/icoinformativo.mx\/home\/index.php?rest_route=%2Fwp%2Fv2%2Fcategories&post=30277"},{"taxonomy":"post_tag","embeddable":true,"href":"https:\/\/icoinformativo.mx\/home\/index.php?rest_route=%2Fwp%2Fv2%2Ftags&post=30277"}],"curies":[{"name":"wp","href":"https:\/\/api.w.org\/{rel}","templated":true}]}}