{"id":30274,"date":"2025-01-28T03:07:59","date_gmt":"2025-01-28T03:07:59","guid":{"rendered":"https:\/\/icoinformativo.mx\/home\/?p=30274"},"modified":"2025-01-28T03:07:59","modified_gmt":"2025-01-28T03:07:59","slug":"ley-de-mecanismos-alternativos-de-solucion-de-controversias-una-iniciativa-de-avanzada","status":"publish","type":"post","link":"https:\/\/icoinformativo.mx\/home\/?p=30274","title":{"rendered":"*Ley de Mecanismos Alternativos de Soluci\u00f3n de Controversias, una iniciativa de avanzada*"},"content":{"rendered":"<p>&nbsp;<\/p>\n<p>-Representan un paso firme hacia la consolidaci\u00f3n de una justicia accesible, efectiva y profundamente humana, enmarcada en los valores del di\u00e1logo, el respeto y la equidad.<\/p>\n<p>&nbsp;<\/p>\n<p>Tuxtla Guti\u00e9rrez, Chiapas; 27 de enero de 2025.- En sesi\u00f3n extraordinaria, el pleno de la Sexag\u00e9sima Novena Legislatura aprob\u00f3 la iniciativa de decreto por el que se reforman y derogan diversas disposiciones del C\u00f3digo de Organizaci\u00f3n del Poder Judicial del estado de Chiapas.<\/p>\n<p>&nbsp;<\/p>\n<p>Para solicitar el voto a favor del dictamen, particip\u00f3 en tribuna el diputado Juan Salvador Camacho Velasco, presidente de la Comisi\u00f3n de Justicia, quien destac\u00f3<\/p>\n<p>que la reforma es un tema trascendental para el fortalecimiento de la justicia y la construcci\u00f3n de la paz social en nuestro estado.<\/p>\n<p>&nbsp;<\/p>\n<p>\u201cLas reformas integrales en materia de mecanismos alternativos de soluci\u00f3n de controversias representan un paso firme hacia la consolidaci\u00f3n de una justicia accesible, efectiva y profundamente humana, enmarcada en los valores del di\u00e1logo, el respeto y la equidad para la soluci\u00f3n de conflictos\u201d.<\/p>\n<p>&nbsp;<\/p>\n<p>As\u00ed tambi\u00e9n, en el desahogo de los puntos del orden del d\u00eda, se aprob\u00f3 la iniciativa de Ley de Mecanismos Alternativos de Soluci\u00f3n de Controversias para el Estado de Chiapas.<\/p>\n<p>&nbsp;<\/p>\n<p>Al respecto, el presidente de la Mesa Directiva, Luis Ignacio Avenda\u00f1o Berm\u00fadez, opin\u00f3 que se trata de acercar la justicia con el fin de que los conflictos a excepci\u00f3n de los de materia penal, no lleguen a los tribunales, sino que pueda haber una persona certificada que pueda ser mediador para solucionar los conflictos y de esa manera que la justicia sea pronta y expedita.<\/p>\n<p>&nbsp;<\/p>\n<p>El diputado Mario Guill\u00e9n Guill\u00e9n, presidente de la Junta de Coordinaci\u00f3n Pol\u00edtica, expres\u00f3 que esta iniciativa refleja la demanda de la ciudadan\u00eda por un Poder Judicial que tenga facultades que prioricen la atenci\u00f3n del pueblo.<\/p>\n<p>&nbsp;<\/p>\n<p>En este punto en particular, particip\u00f3 en tribuna el diputado Juan Marcos Trinidad Palomares, quien se\u00f1al\u00f3 que estos mecanismos de mediaci\u00f3n, conciliaci\u00f3n, arbitraje, negociaci\u00f3n y negociaci\u00f3n colaborativa, permiten que las partes involucradas en un conflicto lleguen a acuerdos de manera voluntaria con la intervenci\u00f3n de un facilitador en el di\u00e1logo y la b\u00fasqueda de soluciones que beneficien a ambas partes.<\/p>\n<p>&nbsp;<\/p>\n<p>\u201cLos mecanismos alternativos de soluci\u00f3n de controversias abonar\u00e1n significativamente a la econom\u00eda procesal en los juzgados, despresurizando la carga laboral en los mismos y agilizando los tiempos para los justiciables. Los mecanismos alternativos de soluci\u00f3n de controversias que nuestra Constituci\u00f3n local contempla desde hace m\u00e1s de 15 a\u00f1os ya y que hoy se fortalecen con esta presente reforma, son un beneficio de gran calado para nuestro sistema judicial.<\/p>\n<p>&nbsp;<\/p>\n<p>En ese mismo orden de ideas, el pleno de la Sexag\u00e9sima Novena Legislatura aprob\u00f3 tambi\u00e9n el dictamen de la Comisi\u00f3n de Justicia relativo a la Iniciativa de decreto por el que se reforman y adicionan diversas disposiciones a la Ley Org\u00e1nica del Tribunal Administrativo del Poder Judicial del estado de Chiapas.<\/p>\n<p>&nbsp;<\/p>\n<p>Al final, el diputado Luis Ignacio Avenda\u00f1o Berm\u00fadez , en su calidad de presidente de la Mesa Directiva, dio por clausurados los trabajos del Tercer Per\u00edodo Extraordinario de Sesiones correspondiente al Primer Receso del Primer A\u00f1o de Ejercicio Constitucional.<\/p>\n","protected":false},"excerpt":{"rendered":"<p>&nbsp; -Representan un paso firme hacia la consolidaci\u00f3n de una justicia accesible, efectiva y profundamente&#8230;<\/p>\n","protected":false},"author":2,"featured_media":30275,"comment_status":"closed","ping_status":"closed","sticky":false,"template":"","format":"standard","meta":{"_joinchat":[],"footnotes":""},"categories":[18,1,2,3],"tags":[],"class_list":["post-30274","post","type-post","status-publish","format-standard","has-post-thumbnail","hentry","category-almomento","category-boletin","category-estado","category-health"],"_links":{"self":[{"href":"https:\/\/icoinformativo.mx\/home\/index.php?rest_route=\/wp\/v2\/posts\/30274","targetHints":{"allow":["GET"]}}],"collection":[{"href":"https:\/\/icoinformativo.mx\/home\/index.php?rest_route=\/wp\/v2\/posts"}],"about":[{"href":"https:\/\/icoinformativo.mx\/home\/index.php?rest_route=\/wp\/v2\/types\/post"}],"author":[{"embeddable":true,"href":"https:\/\/icoinformativo.mx\/home\/index.php?rest_route=\/wp\/v2\/users\/2"}],"replies":[{"embeddable":true,"href":"https:\/\/icoinformativo.mx\/home\/index.php?rest_route=%2Fwp%2Fv2%2Fcomments&post=30274"}],"version-history":[{"count":1,"href":"https:\/\/icoinformativo.mx\/home\/index.php?rest_route=\/wp\/v2\/posts\/30274\/revisions"}],"predecessor-version":[{"id":30276,"href":"https:\/\/icoinformativo.mx\/home\/index.php?rest_route=\/wp\/v2\/posts\/30274\/revisions\/30276"}],"wp:featuredmedia":[{"embeddable":true,"href":"https:\/\/icoinformativo.mx\/home\/index.php?rest_route=\/wp\/v2\/media\/30275"}],"wp:attachment":[{"href":"https:\/\/icoinformativo.mx\/home\/index.php?rest_route=%2Fwp%2Fv2%2Fmedia&parent=30274"}],"wp:term":[{"taxonomy":"category","embeddable":true,"href":"https:\/\/icoinformativo.mx\/home\/index.php?rest_route=%2Fwp%2Fv2%2Fcategories&post=30274"},{"taxonomy":"post_tag","embeddable":true,"href":"https:\/\/icoinformativo.mx\/home\/index.php?rest_route=%2Fwp%2Fv2%2Ftags&post=30274"}],"curies":[{"name":"wp","href":"https:\/\/api.w.org\/{rel}","templated":true}]}}