{"id":30268,"date":"2025-01-28T03:03:03","date_gmt":"2025-01-28T03:03:03","guid":{"rendered":"https:\/\/icoinformativo.mx\/home\/?p=30268"},"modified":"2025-01-28T03:03:03","modified_gmt":"2025-01-28T03:03:03","slug":"autoridades-ponen-en-marcha-obra-en-beneficio-de-poblacion-estudiantil-de-escuela-primaria-federal-cesar-augusto-lara-ramos","status":"publish","type":"post","link":"https:\/\/icoinformativo.mx\/home\/?p=30268","title":{"rendered":"Autoridades ponen en marcha obra en beneficio de poblaci\u00f3n estudiantil de escuela primaria federal \u00abC\u00e9sar Augusto Lara Ramos\u00bb"},"content":{"rendered":"<p>&nbsp;<\/p>\n<p>Esta ma\u00f1ana el Presidente Municipal Miguel Angel Moreno Palacios, acompa\u00f1ado de la presidenta del DIF Blanca Estrada, Sindica Municipal, regidores y funcionarios locales llev\u00f3 a cabo el banderazo de inicio de obra.<\/p>\n<p>&nbsp;<\/p>\n<p>El alcalde, se\u00f1al\u00f3 que esta obra era un compromiso con la poblaci\u00f3n estudiantil as\u00ed como con los padres de familia y docentes, y que gracias a las constantes gestiones, hoy se pone en marcha.<\/p>\n<p>&nbsp;<\/p>\n<p>\u00abSeguiremos inaugurando m\u00e1s obras que beneficien a nuestro municipio, este 2025 esta lleno de muchas acciones, en beneficio de Ixtacomit\u00e1n y su gente\u00bb.<\/p>\n<p>&nbsp;<\/p>\n<p>Moreno Palacios, agreg\u00f3 que en esta escuela primaria federal C\u00e9sar Augusto Lara Ramos, se va ejecutar la construcci\u00f3n de muro de contenci\u00f3n de 19 metros de longitud.<\/p>\n<p>&nbsp;<\/p>\n<p>Por su parte, autoridades educativas agradecieron al presidente y su comitiva por cumplir con hechos a una a\u00f1eja demanda.<\/p>\n<p>&nbsp;<\/p>\n<p>#UnidadTrabajoyTransformacion<\/p>\n","protected":false},"excerpt":{"rendered":"<p>&nbsp; Esta ma\u00f1ana el Presidente Municipal Miguel Angel Moreno Palacios, acompa\u00f1ado de la presidenta del&#8230;<\/p>\n","protected":false},"author":2,"featured_media":30269,"comment_status":"closed","ping_status":"closed","sticky":false,"template":"","format":"standard","meta":{"_joinchat":[],"footnotes":""},"categories":[18,1,2,3],"tags":[],"class_list":["post-30268","post","type-post","status-publish","format-standard","has-post-thumbnail","hentry","category-almomento","category-boletin","category-estado","category-health"],"_links":{"self":[{"href":"https:\/\/icoinformativo.mx\/home\/index.php?rest_route=\/wp\/v2\/posts\/30268","targetHints":{"allow":["GET"]}}],"collection":[{"href":"https:\/\/icoinformativo.mx\/home\/index.php?rest_route=\/wp\/v2\/posts"}],"about":[{"href":"https:\/\/icoinformativo.mx\/home\/index.php?rest_route=\/wp\/v2\/types\/post"}],"author":[{"embeddable":true,"href":"https:\/\/icoinformativo.mx\/home\/index.php?rest_route=\/wp\/v2\/users\/2"}],"replies":[{"embeddable":true,"href":"https:\/\/icoinformativo.mx\/home\/index.php?rest_route=%2Fwp%2Fv2%2Fcomments&post=30268"}],"version-history":[{"count":1,"href":"https:\/\/icoinformativo.mx\/home\/index.php?rest_route=\/wp\/v2\/posts\/30268\/revisions"}],"predecessor-version":[{"id":30270,"href":"https:\/\/icoinformativo.mx\/home\/index.php?rest_route=\/wp\/v2\/posts\/30268\/revisions\/30270"}],"wp:featuredmedia":[{"embeddable":true,"href":"https:\/\/icoinformativo.mx\/home\/index.php?rest_route=\/wp\/v2\/media\/30269"}],"wp:attachment":[{"href":"https:\/\/icoinformativo.mx\/home\/index.php?rest_route=%2Fwp%2Fv2%2Fmedia&parent=30268"}],"wp:term":[{"taxonomy":"category","embeddable":true,"href":"https:\/\/icoinformativo.mx\/home\/index.php?rest_route=%2Fwp%2Fv2%2Fcategories&post=30268"},{"taxonomy":"post_tag","embeddable":true,"href":"https:\/\/icoinformativo.mx\/home\/index.php?rest_route=%2Fwp%2Fv2%2Ftags&post=30268"}],"curies":[{"name":"wp","href":"https:\/\/api.w.org\/{rel}","templated":true}]}}