{"id":30262,"date":"2025-01-28T02:55:47","date_gmt":"2025-01-28T02:55:47","guid":{"rendered":"https:\/\/icoinformativo.mx\/home\/?p=30262"},"modified":"2025-01-28T02:55:47","modified_gmt":"2025-01-28T02:55:47","slug":"se-reune-andres-carballo-cordova-con-titular-de-centro-de-control-y-confianza","status":"publish","type":"post","link":"https:\/\/icoinformativo.mx\/home\/?p=30262","title":{"rendered":"Se re\u00fane Andres Carballo Cordova con titular de Centro de Control y Confianza"},"content":{"rendered":"<p>&nbsp;<\/p>\n<p>Continuando con su trabajo de gestoria en bien del progreso de Pichucalco, el alcalde Andr\u00e9s Carballo C\u00f3rdova sostuvo una importante reuni\u00f3n de trabajo con el Director General del CECCC, Mtro. Jos\u00e9 Alonso Llaven Villarreal.<\/p>\n<p>Durante la reuni\u00f3n, ambos funcionarios acordaron trabajar siguiendo las instrucciones del Gobernador Dr. Eduardo Ram\u00edrez Aguilar para que en Pichucalco tengan polic\u00edas municipales certificados.<\/p>\n<p>Y con ello darle a la ciudadan\u00eda una mejor y mayor seguridad con polic\u00edas municipales certificados y con sentido humano, tal y como lo ha instruido el gobernador Eduardo Ram\u00edrez.<\/p>\n<p>\u00abAs\u00ed trabajamos con Acciones que Contribuyen al Cambio!!!\u00bb<\/p>\n","protected":false},"excerpt":{"rendered":"<p>&nbsp; Continuando con su trabajo de gestoria en bien del progreso de Pichucalco, el alcalde&#8230;<\/p>\n","protected":false},"author":2,"featured_media":30263,"comment_status":"closed","ping_status":"closed","sticky":false,"template":"","format":"standard","meta":{"_joinchat":[],"footnotes":""},"categories":[18,1,2,3],"tags":[],"class_list":["post-30262","post","type-post","status-publish","format-standard","has-post-thumbnail","hentry","category-almomento","category-boletin","category-estado","category-health"],"_links":{"self":[{"href":"https:\/\/icoinformativo.mx\/home\/index.php?rest_route=\/wp\/v2\/posts\/30262","targetHints":{"allow":["GET"]}}],"collection":[{"href":"https:\/\/icoinformativo.mx\/home\/index.php?rest_route=\/wp\/v2\/posts"}],"about":[{"href":"https:\/\/icoinformativo.mx\/home\/index.php?rest_route=\/wp\/v2\/types\/post"}],"author":[{"embeddable":true,"href":"https:\/\/icoinformativo.mx\/home\/index.php?rest_route=\/wp\/v2\/users\/2"}],"replies":[{"embeddable":true,"href":"https:\/\/icoinformativo.mx\/home\/index.php?rest_route=%2Fwp%2Fv2%2Fcomments&post=30262"}],"version-history":[{"count":1,"href":"https:\/\/icoinformativo.mx\/home\/index.php?rest_route=\/wp\/v2\/posts\/30262\/revisions"}],"predecessor-version":[{"id":30264,"href":"https:\/\/icoinformativo.mx\/home\/index.php?rest_route=\/wp\/v2\/posts\/30262\/revisions\/30264"}],"wp:featuredmedia":[{"embeddable":true,"href":"https:\/\/icoinformativo.mx\/home\/index.php?rest_route=\/wp\/v2\/media\/30263"}],"wp:attachment":[{"href":"https:\/\/icoinformativo.mx\/home\/index.php?rest_route=%2Fwp%2Fv2%2Fmedia&parent=30262"}],"wp:term":[{"taxonomy":"category","embeddable":true,"href":"https:\/\/icoinformativo.mx\/home\/index.php?rest_route=%2Fwp%2Fv2%2Fcategories&post=30262"},{"taxonomy":"post_tag","embeddable":true,"href":"https:\/\/icoinformativo.mx\/home\/index.php?rest_route=%2Fwp%2Fv2%2Ftags&post=30262"}],"curies":[{"name":"wp","href":"https:\/\/api.w.org\/{rel}","templated":true}]}}