{"id":30259,"date":"2025-01-28T02:53:11","date_gmt":"2025-01-28T02:53:11","guid":{"rendered":"https:\/\/icoinformativo.mx\/home\/?p=30259"},"modified":"2025-01-28T02:53:11","modified_gmt":"2025-01-28T02:53:11","slug":"una-obra-mas-ahora-en-jardines-del-pedregal-3a-seccion-angel-torres","status":"publish","type":"post","link":"https:\/\/icoinformativo.mx\/home\/?p=30259","title":{"rendered":"*Una obra m\u00e1s, ahora en Jardines del Pedregal 3a Secci\u00f3n: Angel Torres*"},"content":{"rendered":"<p>&nbsp;<\/p>\n<p>* Junto con la construcci\u00f3n integral, llega el programa \u201cCalles Felices\u201d<\/p>\n<p>El presidente municipal de Tuxtla Guti\u00e9rrez, Angel Torres, en compa\u00f1\u00eda de habitantes de la colonia Jardines del Pedregal 3a Secci\u00f3n, dio el banderazo de inicio a los trabajos de pavimentaci\u00f3n de la calle Jaspe, entre avenida Rub\u00ed y avenida \u00c1mbar, en beneficio de m\u00e1s de seis mil habitantes.<\/p>\n<p>La obra contempla la pavimentaci\u00f3n de m\u00e1s de 120 metros lineales, la construcci\u00f3n de banquetas, drenaje sanitario, red de agua potable, se\u00f1al\u00e9tica y alumbrado p\u00fablico. Adem\u00e1s, como parte del programa \u201cCalles Felices\u201d, se dignificar\u00e1 la imagen de las viviendas, mejorando el entorno visual y la calidad de vida de las y los colonos.<\/p>\n<p>En este sentido, el edil capitalino destac\u00f3 la importancia de ejecutar obras que contribuyan al bienestar de las y los tuxtlecos, garantizando mayor seguridad, optimizando los tiempos de traslado y brindando beneficios en materia de movilidad.<\/p>\n","protected":false},"excerpt":{"rendered":"<p>&nbsp; * Junto con la construcci\u00f3n integral, llega el programa \u201cCalles Felices\u201d El presidente municipal&#8230;<\/p>\n","protected":false},"author":2,"featured_media":30260,"comment_status":"closed","ping_status":"closed","sticky":false,"template":"","format":"standard","meta":{"_joinchat":[],"footnotes":""},"categories":[18,1,2,3],"tags":[],"class_list":["post-30259","post","type-post","status-publish","format-standard","has-post-thumbnail","hentry","category-almomento","category-boletin","category-estado","category-health"],"_links":{"self":[{"href":"https:\/\/icoinformativo.mx\/home\/index.php?rest_route=\/wp\/v2\/posts\/30259","targetHints":{"allow":["GET"]}}],"collection":[{"href":"https:\/\/icoinformativo.mx\/home\/index.php?rest_route=\/wp\/v2\/posts"}],"about":[{"href":"https:\/\/icoinformativo.mx\/home\/index.php?rest_route=\/wp\/v2\/types\/post"}],"author":[{"embeddable":true,"href":"https:\/\/icoinformativo.mx\/home\/index.php?rest_route=\/wp\/v2\/users\/2"}],"replies":[{"embeddable":true,"href":"https:\/\/icoinformativo.mx\/home\/index.php?rest_route=%2Fwp%2Fv2%2Fcomments&post=30259"}],"version-history":[{"count":1,"href":"https:\/\/icoinformativo.mx\/home\/index.php?rest_route=\/wp\/v2\/posts\/30259\/revisions"}],"predecessor-version":[{"id":30261,"href":"https:\/\/icoinformativo.mx\/home\/index.php?rest_route=\/wp\/v2\/posts\/30259\/revisions\/30261"}],"wp:featuredmedia":[{"embeddable":true,"href":"https:\/\/icoinformativo.mx\/home\/index.php?rest_route=\/wp\/v2\/media\/30260"}],"wp:attachment":[{"href":"https:\/\/icoinformativo.mx\/home\/index.php?rest_route=%2Fwp%2Fv2%2Fmedia&parent=30259"}],"wp:term":[{"taxonomy":"category","embeddable":true,"href":"https:\/\/icoinformativo.mx\/home\/index.php?rest_route=%2Fwp%2Fv2%2Fcategories&post=30259"},{"taxonomy":"post_tag","embeddable":true,"href":"https:\/\/icoinformativo.mx\/home\/index.php?rest_route=%2Fwp%2Fv2%2Ftags&post=30259"}],"curies":[{"name":"wp","href":"https:\/\/api.w.org\/{rel}","templated":true}]}}