{"id":30179,"date":"2025-01-24T04:15:18","date_gmt":"2025-01-24T04:15:18","guid":{"rendered":"https:\/\/icoinformativo.mx\/home\/?p=30179"},"modified":"2025-01-24T04:15:18","modified_gmt":"2025-01-24T04:15:18","slug":"el-h-ayuntamiento-municipal-de-rayon-que-preside-el-ing-domingo-gonzales-trejo-sigue-trabajando-a-favor-de-la-educacion-del-municipio","status":"publish","type":"post","link":"https:\/\/icoinformativo.mx\/home\/?p=30179","title":{"rendered":"El H. Ayuntamiento Municipal de Ray\u00f3n qu\u00e9 preside el Ing. Domingo Gonzales Trejo, sigue trabajando a favor de la educacion del municipio."},"content":{"rendered":"<p>&nbsp;<\/p>\n<p>Hoy el titular de la Direcci\u00f3n de Obras P\u00fablicas el C.P Domingo D\u00edaz G\u00f3mez en representaci\u00f3ndel presidente municipal Domingo Trejo hizo entrega de 25 cubetas de pintura a la \u00abEsc. Sec. del Estado Gral. Emiliano Zapata\u00bb de esta cabecera Municipal.<\/p>\n<p>&nbsp;<\/p>\n<p>\u00abLas indicaciones de nuestro presidente es seguir apoyando a nuestras instituciones para seguir construyendo un municipio con m\u00e1s oportunidades y que sea para todos, un mejor lugar para vivir\u00bb, se\u00f1al\u00f3.<\/p>\n<p>&nbsp;<\/p>\n<p>Seguimos trabajando a favor de la educacion!<\/p>\n","protected":false},"excerpt":{"rendered":"<p>&nbsp; Hoy el titular de la Direcci\u00f3n de Obras P\u00fablicas el C.P Domingo D\u00edaz G\u00f3mez&#8230;<\/p>\n","protected":false},"author":2,"featured_media":30180,"comment_status":"closed","ping_status":"closed","sticky":false,"template":"","format":"standard","meta":{"_joinchat":[],"footnotes":""},"categories":[18,1,2,3],"tags":[],"class_list":["post-30179","post","type-post","status-publish","format-standard","has-post-thumbnail","hentry","category-almomento","category-boletin","category-estado","category-health"],"_links":{"self":[{"href":"https:\/\/icoinformativo.mx\/home\/index.php?rest_route=\/wp\/v2\/posts\/30179","targetHints":{"allow":["GET"]}}],"collection":[{"href":"https:\/\/icoinformativo.mx\/home\/index.php?rest_route=\/wp\/v2\/posts"}],"about":[{"href":"https:\/\/icoinformativo.mx\/home\/index.php?rest_route=\/wp\/v2\/types\/post"}],"author":[{"embeddable":true,"href":"https:\/\/icoinformativo.mx\/home\/index.php?rest_route=\/wp\/v2\/users\/2"}],"replies":[{"embeddable":true,"href":"https:\/\/icoinformativo.mx\/home\/index.php?rest_route=%2Fwp%2Fv2%2Fcomments&post=30179"}],"version-history":[{"count":1,"href":"https:\/\/icoinformativo.mx\/home\/index.php?rest_route=\/wp\/v2\/posts\/30179\/revisions"}],"predecessor-version":[{"id":30181,"href":"https:\/\/icoinformativo.mx\/home\/index.php?rest_route=\/wp\/v2\/posts\/30179\/revisions\/30181"}],"wp:featuredmedia":[{"embeddable":true,"href":"https:\/\/icoinformativo.mx\/home\/index.php?rest_route=\/wp\/v2\/media\/30180"}],"wp:attachment":[{"href":"https:\/\/icoinformativo.mx\/home\/index.php?rest_route=%2Fwp%2Fv2%2Fmedia&parent=30179"}],"wp:term":[{"taxonomy":"category","embeddable":true,"href":"https:\/\/icoinformativo.mx\/home\/index.php?rest_route=%2Fwp%2Fv2%2Fcategories&post=30179"},{"taxonomy":"post_tag","embeddable":true,"href":"https:\/\/icoinformativo.mx\/home\/index.php?rest_route=%2Fwp%2Fv2%2Ftags&post=30179"}],"curies":[{"name":"wp","href":"https:\/\/api.w.org\/{rel}","templated":true}]}}