{"id":30176,"date":"2025-01-24T04:11:08","date_gmt":"2025-01-24T04:11:08","guid":{"rendered":"https:\/\/icoinformativo.mx\/home\/?p=30176"},"modified":"2025-01-24T04:11:08","modified_gmt":"2025-01-24T04:11:08","slug":"cecytech-celebra-la-primera-sesion-extraordinaria-2025","status":"publish","type":"post","link":"https:\/\/icoinformativo.mx\/home\/?p=30176","title":{"rendered":"Cecytech celebra la Primera Sesi\u00f3n Extraordinaria 2025"},"content":{"rendered":"<p>&nbsp;<\/p>\n<p>En un acto trascendental para el sistema educativo de Chiapas, el Colegio de Estudios Cient\u00edficos y Tecnol\u00f3gicos del Estado de Chiapas (Cecytech) celebr\u00f3 la Primera Sesi\u00f3n Extraordinaria 2025 de su Junta Directiva, durante la cual se formaliz\u00f3 la instalaci\u00f3n de los nuevos integrantes y se present\u00f3 a Luis Guadalupe Morales \u00c1ngeles como director general, quien asume el cargo con una visi\u00f3n renovadora y un enfoque en la equidad educativa.<\/p>\n<p>&nbsp;<\/p>\n<p>Morales \u00c1ngeles expres\u00f3 su agradecimiento al gobernador Eduardo Ram\u00edrez Aguilar por la confianza depositada en su gesti\u00f3n, subrayando la importancia de la educaci\u00f3n como un pilar fundamental de justicia social y transformaci\u00f3n alineado con la visi\u00f3n estatal del \u201cHumanismo que Transforma\u201d.<\/p>\n<p>&nbsp;<\/p>\n<p>\u201cLa educaci\u00f3n tiene la fuerza necesaria para construir un futuro m\u00e1s equitativo. Nuestro compromiso es brindar a cada estudiante las herramientas necesarias para convertirse en agentes de cambio en sus comunidades\u201d, afirm\u00f3.<\/p>\n<p>&nbsp;<\/p>\n<p>Con el respaldo de la Honorable Junta Directiva, Morales \u00c1ngeles se comprometi\u00f3 a liderar una gesti\u00f3n transparente y responsable que traduzca los recursos en beneficios tangibles para los estudiantes de todos los planteles.<\/p>\n<p>&nbsp;<\/p>\n<p>\u201cAvancemos con decisi\u00f3n hacia una educaci\u00f3n que transforme vidas y refleje el esp\u00edritu comunitario de nuestro estado\u201d, concluy\u00f3.<\/p>\n<p>&nbsp;<\/p>\n<p>En su intervenci\u00f3n, la coordinadora ejecutiva, Milena Arellanes Pinto, en representaci\u00f3n del secretario de Educaci\u00f3n y presidente de la Junta Directiva, Roger Adri\u00e1n Mandujano Ayala, y el Coordinador Nacional de los Cecytes, Iv\u00e1n Flores Ben\u00edtez, coincidieron en la necesidad de un trabajo coordinado entre los niveles estatal y nacional para garantizar una educaci\u00f3n t\u00e9cnica de calidad.<\/p>\n<p>&nbsp;<\/p>\n<p>Con esta sesi\u00f3n inaugural el Cecytech reitera su compromiso con la juventud chiapaneca, estableciendo bases s\u00f3lidas para un sistema educativo que priorice la equidad, la inclusi\u00f3n y la excelencia acad\u00e9mica.<\/p>\n","protected":false},"excerpt":{"rendered":"<p>&nbsp; En un acto trascendental para el sistema educativo de Chiapas, el Colegio de Estudios&#8230;<\/p>\n","protected":false},"author":2,"featured_media":30177,"comment_status":"closed","ping_status":"closed","sticky":false,"template":"","format":"standard","meta":{"_joinchat":[],"footnotes":""},"categories":[18,1,2,3],"tags":[],"class_list":["post-30176","post","type-post","status-publish","format-standard","has-post-thumbnail","hentry","category-almomento","category-boletin","category-estado","category-health"],"_links":{"self":[{"href":"https:\/\/icoinformativo.mx\/home\/index.php?rest_route=\/wp\/v2\/posts\/30176","targetHints":{"allow":["GET"]}}],"collection":[{"href":"https:\/\/icoinformativo.mx\/home\/index.php?rest_route=\/wp\/v2\/posts"}],"about":[{"href":"https:\/\/icoinformativo.mx\/home\/index.php?rest_route=\/wp\/v2\/types\/post"}],"author":[{"embeddable":true,"href":"https:\/\/icoinformativo.mx\/home\/index.php?rest_route=\/wp\/v2\/users\/2"}],"replies":[{"embeddable":true,"href":"https:\/\/icoinformativo.mx\/home\/index.php?rest_route=%2Fwp%2Fv2%2Fcomments&post=30176"}],"version-history":[{"count":1,"href":"https:\/\/icoinformativo.mx\/home\/index.php?rest_route=\/wp\/v2\/posts\/30176\/revisions"}],"predecessor-version":[{"id":30178,"href":"https:\/\/icoinformativo.mx\/home\/index.php?rest_route=\/wp\/v2\/posts\/30176\/revisions\/30178"}],"wp:featuredmedia":[{"embeddable":true,"href":"https:\/\/icoinformativo.mx\/home\/index.php?rest_route=\/wp\/v2\/media\/30177"}],"wp:attachment":[{"href":"https:\/\/icoinformativo.mx\/home\/index.php?rest_route=%2Fwp%2Fv2%2Fmedia&parent=30176"}],"wp:term":[{"taxonomy":"category","embeddable":true,"href":"https:\/\/icoinformativo.mx\/home\/index.php?rest_route=%2Fwp%2Fv2%2Fcategories&post=30176"},{"taxonomy":"post_tag","embeddable":true,"href":"https:\/\/icoinformativo.mx\/home\/index.php?rest_route=%2Fwp%2Fv2%2Ftags&post=30176"}],"curies":[{"name":"wp","href":"https:\/\/api.w.org\/{rel}","templated":true}]}}