{"id":30173,"date":"2025-01-24T04:08:17","date_gmt":"2025-01-24T04:08:17","guid":{"rendered":"https:\/\/icoinformativo.mx\/home\/?p=30173"},"modified":"2025-01-24T04:08:17","modified_gmt":"2025-01-24T04:08:17","slug":"subsecretaria-torres-vera-se-reune-con-pescadores-del-norte-de-chiapas","status":"publish","type":"post","link":"https:\/\/icoinformativo.mx\/home\/?p=30173","title":{"rendered":"Subsecretaria Torres Vera se re\u00fane con pescadores del Norte de Chiapas"},"content":{"rendered":"<p>&nbsp;<\/p>\n<p>La subsecretaria de Pesca, Judith Torres Vera, se reuni\u00f3 con pescadores que pidieron la rehabilitaci\u00f3n y activaci\u00f3n del centro pisc\u00edcola de Catazaj\u00e1 para la producci\u00f3n de alevines de especies como la castarrica, tenguayaca, pejelagarto, y crust\u00e1ceos como el langostino.<\/p>\n<p>&nbsp;<\/p>\n<p>Durante el encuentro, celebrado en la sede de la SAGyP, los pescadores, representados por la Federaci\u00f3n de Sociedades Cooperativas Pesqueras de la Zona Norte de Chiapas, expusieron la urgencia de fortalecer el sector mediante acciones concretas, entre las que destacaron: Apoyos en la reposici\u00f3n de redes, embarcaciones menores, comercializaci\u00f3n y canje de motores.<\/p>\n<p>&nbsp;<\/p>\n<p>Tambi\u00e9n plantearon la coordinaci\u00f3n con los tres niveles de gobierno para garantizar el \u00e9xito del proyecto acu\u00edcola en la laguna de Catazaj\u00e1.<\/p>\n<p>&nbsp;<\/p>\n<p>El presidente de la Federaci\u00f3n, Mart\u00edn L\u00f3pez Zenteno, destac\u00f3 que estas acciones beneficiar\u00edan directamente a m\u00e1s de 900 socios pescadores y a sus familias, quienes dependen de la actividad acu\u00edcola para su sustento.<\/p>\n<p>&nbsp;<\/p>\n<p>La subsecretaria Judith Torres Vera reafirm\u00f3 el compromiso del gobernador del Estado, Eduardo Ram\u00edrez Aguilar y del secretario de Agricultura, Ganader\u00eda y Pesca (SAGyP), Marco Antonio Barba Arrocha, con el desarrollo del sector pesquero, resaltando que se trabajar\u00e1 de manera conjunta para atender las demandas planteadas.<\/p>\n<p>&nbsp;<\/p>\n<p>Este di\u00e1logo marca un paso importante hacia la consolidaci\u00f3n de un sector pesquero sostenible y competitivo, que contribuya al bienestar de las zonas pesqueras.<\/p>\n<p>&nbsp;<\/p>\n","protected":false},"excerpt":{"rendered":"<p>&nbsp; La subsecretaria de Pesca, Judith Torres Vera, se reuni\u00f3 con pescadores que pidieron la&#8230;<\/p>\n","protected":false},"author":2,"featured_media":30174,"comment_status":"closed","ping_status":"closed","sticky":false,"template":"","format":"standard","meta":{"_joinchat":[],"footnotes":""},"categories":[18,1,2,3],"tags":[],"class_list":["post-30173","post","type-post","status-publish","format-standard","has-post-thumbnail","hentry","category-almomento","category-boletin","category-estado","category-health"],"_links":{"self":[{"href":"https:\/\/icoinformativo.mx\/home\/index.php?rest_route=\/wp\/v2\/posts\/30173","targetHints":{"allow":["GET"]}}],"collection":[{"href":"https:\/\/icoinformativo.mx\/home\/index.php?rest_route=\/wp\/v2\/posts"}],"about":[{"href":"https:\/\/icoinformativo.mx\/home\/index.php?rest_route=\/wp\/v2\/types\/post"}],"author":[{"embeddable":true,"href":"https:\/\/icoinformativo.mx\/home\/index.php?rest_route=\/wp\/v2\/users\/2"}],"replies":[{"embeddable":true,"href":"https:\/\/icoinformativo.mx\/home\/index.php?rest_route=%2Fwp%2Fv2%2Fcomments&post=30173"}],"version-history":[{"count":1,"href":"https:\/\/icoinformativo.mx\/home\/index.php?rest_route=\/wp\/v2\/posts\/30173\/revisions"}],"predecessor-version":[{"id":30175,"href":"https:\/\/icoinformativo.mx\/home\/index.php?rest_route=\/wp\/v2\/posts\/30173\/revisions\/30175"}],"wp:featuredmedia":[{"embeddable":true,"href":"https:\/\/icoinformativo.mx\/home\/index.php?rest_route=\/wp\/v2\/media\/30174"}],"wp:attachment":[{"href":"https:\/\/icoinformativo.mx\/home\/index.php?rest_route=%2Fwp%2Fv2%2Fmedia&parent=30173"}],"wp:term":[{"taxonomy":"category","embeddable":true,"href":"https:\/\/icoinformativo.mx\/home\/index.php?rest_route=%2Fwp%2Fv2%2Fcategories&post=30173"},{"taxonomy":"post_tag","embeddable":true,"href":"https:\/\/icoinformativo.mx\/home\/index.php?rest_route=%2Fwp%2Fv2%2Ftags&post=30173"}],"curies":[{"name":"wp","href":"https:\/\/api.w.org\/{rel}","templated":true}]}}