{"id":30170,"date":"2025-01-24T04:05:52","date_gmt":"2025-01-24T04:05:52","guid":{"rendered":"https:\/\/icoinformativo.mx\/home\/?p=30170"},"modified":"2025-01-24T04:05:52","modified_gmt":"2025-01-24T04:05:52","slug":"firman-convenio-de-colaboracion-icheja-canacintra-y-canacar-para-impulsar-la-alfabetizacion-en-chiapas-2","status":"publish","type":"post","link":"https:\/\/icoinformativo.mx\/home\/?p=30170","title":{"rendered":"Firman Convenio de Colaboraci\u00f3n Icheja, Canacintra y Canacar para impulsar la alfabetizaci\u00f3n en Chiapas"},"content":{"rendered":"<p>&nbsp;<\/p>\n<p>Tuxtla Guti\u00e9rrez, Chiapas.- Con el objetivo de robustecer los esfuerzos en materia de alfabetizaci\u00f3n para personas de 15 a\u00f1os en adelante, el Instituto Chiapaneco de Educaci\u00f3n para J\u00f3venes y Adultos (Icheja) firm\u00f3 un convenio de colaboraci\u00f3n con la C\u00e1mara Nacional de la Industria de la Transformaci\u00f3n (Canacintra) y la C\u00e1mara Nacional del Autotransporte de Carga (Canacar).<\/p>\n<p>Este acuerdo se enmarca en el Programa de Alfabetizaci\u00f3n \u00abChiapas Puede\u00bb, una estrategia estatal que busca erradicar el analfabetismo y promover el acceso a la educaci\u00f3n b\u00e1sica como un derecho fundamental.<\/p>\n<p>Durante la ceremonia de firma que tuvo lugar en la sala Alfa de las instalaciones de la Canacintra, los representantes de las instituciones involucradas destacaron la importancia de unir esfuerzos entre los sectores p\u00fablico y privado, para atender a las personas que no han tenido la oportunidad de adquirir habilidades b\u00e1sicas de lectoescritura.<\/p>\n<p>Al hacer uso de la palabra, Jos\u00e9 Francisco Lazos Morales, presidente de la Canacintra, se\u00f1al\u00f3 la importancia de trabajar en conjunto en las iniciativas que abonen al desarrollo de Chiapas, por lo que ratific\u00f3 que todas y todos los integrantes de la c\u00e1mara empresarial a la que pertenece, se suman para ser industriales \u201cALFA\u201d y emprender las acciones necesarias para la alfabetizaci\u00f3n de quienes lo requieran.<\/p>\n<p>Por su parte, Raquel Gordillo Cano, delegado de la Canacar, expres\u00f3 su respaldo total a todas las acciones que emprenda el gobierno del estado en materia educativa, por lo que asegur\u00f3 que los transportistas de carga se suman con voluntariado y los espacios necesarios para encaminar y sacar adelante este magno proyecto alfabetizador.<\/p>\n<p>Por su parte el director general del Icheja, Sergio David Molina G\u00f3mez, indic\u00f3 que al ser la alfabetizaci\u00f3n el segundo eje m\u00e1s importante de la actual administraci\u00f3n encabezada por el gobernador Eduardo Ram\u00edrez Aguilar, el pueblo de Chiapas se est\u00e1 sumando sin pretextos abrazando este gran proyecto; en este sentido agradeci\u00f3 el apoyo y las facilidades de ambas c\u00e1maras empresariales que hoy se integran a esta cruzada alfabetizadora.<\/p>\n<p>En este contexto educativo, Flor Marina Berm\u00fadez Urbina, coordinadora del m\u00e9todo educativo \u201cMat\u00edas de C\u00f3rdova\u201d destac\u00f3 el trabajo que se ha realizado hasta el momento conjuntando la experiencia de especialistas y expertos en materia educativa, pero siempre tomando en cuenta el contexto de las personas que ser\u00e1n alfabetizadas.<\/p>\n<p>Por lo anterior, asegur\u00f3 que el m\u00e9todo que se aplicar\u00e1 en breve es muy completo en cuanto al desarrollo del aprendizaje, partiendo de una base s\u00f3lida.<\/p>\n<p>En su intervenci\u00f3n, el secretario de Educaci\u00f3n en Chiapas, Roger Mandujano Ayala, agradeci\u00f3 la participaci\u00f3n de los l\u00edderes empresariales asegurando que se sigue avanzando hacia la meta gracias a las voluntades de todas y todos los actores sociales que se est\u00e1n adhiriendo al proyecto para erradicar el analfabetismo; dijo que pese a los obst\u00e1culos que puedan presentarse, Chiapas va a poder con cualquier reto o desaf\u00edo.<\/p>\n<p>Finalmente, se reiter\u00f3 que con este esfuerzo conjunto se abrir\u00e1n nuevas oportunidades para que m\u00e1s j\u00f3venes y adultos tengan acceso a la educaci\u00f3n b\u00e1sica, permiti\u00e9ndoles mejorar su calidad de vida y contribuir de manera m\u00e1s activa al desarrollo de sus comunidades.<\/p>\n","protected":false},"excerpt":{"rendered":"<p>&nbsp; Tuxtla Guti\u00e9rrez, Chiapas.- Con el objetivo de robustecer los esfuerzos en materia de alfabetizaci\u00f3n&#8230;<\/p>\n","protected":false},"author":2,"featured_media":30171,"comment_status":"closed","ping_status":"closed","sticky":false,"template":"","format":"standard","meta":{"_joinchat":[],"footnotes":""},"categories":[18,1,2,3],"tags":[],"class_list":["post-30170","post","type-post","status-publish","format-standard","has-post-thumbnail","hentry","category-almomento","category-boletin","category-estado","category-health"],"_links":{"self":[{"href":"https:\/\/icoinformativo.mx\/home\/index.php?rest_route=\/wp\/v2\/posts\/30170","targetHints":{"allow":["GET"]}}],"collection":[{"href":"https:\/\/icoinformativo.mx\/home\/index.php?rest_route=\/wp\/v2\/posts"}],"about":[{"href":"https:\/\/icoinformativo.mx\/home\/index.php?rest_route=\/wp\/v2\/types\/post"}],"author":[{"embeddable":true,"href":"https:\/\/icoinformativo.mx\/home\/index.php?rest_route=\/wp\/v2\/users\/2"}],"replies":[{"embeddable":true,"href":"https:\/\/icoinformativo.mx\/home\/index.php?rest_route=%2Fwp%2Fv2%2Fcomments&post=30170"}],"version-history":[{"count":1,"href":"https:\/\/icoinformativo.mx\/home\/index.php?rest_route=\/wp\/v2\/posts\/30170\/revisions"}],"predecessor-version":[{"id":30172,"href":"https:\/\/icoinformativo.mx\/home\/index.php?rest_route=\/wp\/v2\/posts\/30170\/revisions\/30172"}],"wp:featuredmedia":[{"embeddable":true,"href":"https:\/\/icoinformativo.mx\/home\/index.php?rest_route=\/wp\/v2\/media\/30171"}],"wp:attachment":[{"href":"https:\/\/icoinformativo.mx\/home\/index.php?rest_route=%2Fwp%2Fv2%2Fmedia&parent=30170"}],"wp:term":[{"taxonomy":"category","embeddable":true,"href":"https:\/\/icoinformativo.mx\/home\/index.php?rest_route=%2Fwp%2Fv2%2Fcategories&post=30170"},{"taxonomy":"post_tag","embeddable":true,"href":"https:\/\/icoinformativo.mx\/home\/index.php?rest_route=%2Fwp%2Fv2%2Ftags&post=30170"}],"curies":[{"name":"wp","href":"https:\/\/api.w.org\/{rel}","templated":true}]}}