{"id":30164,"date":"2025-01-24T03:58:18","date_gmt":"2025-01-24T03:58:18","guid":{"rendered":"https:\/\/icoinformativo.mx\/home\/?p=30164"},"modified":"2025-01-24T03:58:18","modified_gmt":"2025-01-24T03:58:18","slug":"iap-chiapas-y-seyt-suscriben-convenio-de-colaboracion-en-materia-de-capacitacion-y-programas-academicos-en-esta-nueva-era","status":"publish","type":"post","link":"https:\/\/icoinformativo.mx\/home\/?p=30164","title":{"rendered":"IAP Chiapas y SEyT suscriben convenio de colaboraci\u00f3n en materia de capacitaci\u00f3n y programas acad\u00e9micos en esta Nueva ERA"},"content":{"rendered":"<p>&nbsp;<\/p>\n<p>\u2022 Presiden la firma de convenio, Luis Pedrero Gonz\u00e1lez, secretario de Econom\u00eda y del trabajo y Lysette Raquel Lameiro Camacho, presidenta del Consejo Directivo del Instituto de Administraci\u00f3n P\u00fablica del Estado de Chiapas<\/p>\n<p>&nbsp;<\/p>\n<p>Tuxtla Guti\u00e9rrez, Chiapas; jueves 23 de enero 2025.- Luis Pedrero Gonz\u00e1lez, secretario de Econom\u00eda y del trabajo (SEyT) y Lysette Raquel Lameiro Camacho, presidenta del Consejo Directivo del Instituto de Administraci\u00f3n P\u00fablica del Estado de Chiapas (IAP), suscribieron un convenio de colaboraci\u00f3n en materia de capacitaci\u00f3n y programas acad\u00e9micos en esta Nueva ERA.<\/p>\n<p>&nbsp;<\/p>\n<p>En su intervenci\u00f3n, la presidenta del IAP Chiapas destac\u00f3 que al firmar este convenio de colaboraci\u00f3n se establecen compromisos y mecanismos para trabajar de manera conjunta con la SEyT, que tiene como objetivo dotar de los conocimientos, competencias y habilidades necesarias para enfrentar los desaf\u00edos de la realidad econ\u00f3mica y social del estado, porque solo con un capital humano capacitado y comprometido es posible garantizar la efectividad de las pol\u00edticas p\u00fablicas y la transformaci\u00f3n social.<\/p>\n<p>&nbsp;<\/p>\n<p>Agreg\u00f3 que hoy reafirman su convicci\u00f3n de que trabajando juntos es posible fortalecer las capacidades institucionales de la administraci\u00f3n p\u00fablica, y generar un impacto positivo y duradero en la vida de las y los chiapanecos en esta Nueva ERA a la que ha convocado el gobernador del Estado, Eduardo Ram\u00edrez Aguilar.<\/p>\n<p>&nbsp;<\/p>\n<p>Por su parte, Luis Pedrero Gonz\u00e1lez, titular de la SEyT, felicit\u00f3 a la presidenta del IAP Chiapas y expres\u00f3 que con esta importante firma se busca fortalecer la cooperaci\u00f3n entre ambas instituciones para promover el desarrollo de la educaci\u00f3n y la capacitaci\u00f3n en el sector econ\u00f3mico. Asimismo, dijo que se podr\u00e1n desarrollar programas y cursos acad\u00e9micos y de capacitaci\u00f3n en \u00e1reas como econom\u00eda, finanzas, comercio internacional y emprendimiento.<\/p>\n<p>&nbsp;<\/p>\n<p>Adem\u00e1s, con la firma de este convenio se da un paso importante hacia la consolidaci\u00f3n de la colaboraci\u00f3n entre la SEyT y el IAP Chiapas, y se espera que genere beneficios significativos para la educaci\u00f3n y el desarrollo econ\u00f3mico en la regi\u00f3n.<\/p>\n<p>&nbsp;<\/p>\n<p>En la firma de convenio estuvieron presentes servidores del pueblo de la SEyT e integrantes del Consejo Directivo del IAP Chiapas.<\/p>\n","protected":false},"excerpt":{"rendered":"<p>&nbsp; \u2022 Presiden la firma de convenio, Luis Pedrero Gonz\u00e1lez, secretario de Econom\u00eda y del&#8230;<\/p>\n","protected":false},"author":2,"featured_media":30165,"comment_status":"closed","ping_status":"closed","sticky":false,"template":"","format":"standard","meta":{"_joinchat":[],"footnotes":""},"categories":[18,1,2,3],"tags":[],"class_list":["post-30164","post","type-post","status-publish","format-standard","has-post-thumbnail","hentry","category-almomento","category-boletin","category-estado","category-health"],"_links":{"self":[{"href":"https:\/\/icoinformativo.mx\/home\/index.php?rest_route=\/wp\/v2\/posts\/30164","targetHints":{"allow":["GET"]}}],"collection":[{"href":"https:\/\/icoinformativo.mx\/home\/index.php?rest_route=\/wp\/v2\/posts"}],"about":[{"href":"https:\/\/icoinformativo.mx\/home\/index.php?rest_route=\/wp\/v2\/types\/post"}],"author":[{"embeddable":true,"href":"https:\/\/icoinformativo.mx\/home\/index.php?rest_route=\/wp\/v2\/users\/2"}],"replies":[{"embeddable":true,"href":"https:\/\/icoinformativo.mx\/home\/index.php?rest_route=%2Fwp%2Fv2%2Fcomments&post=30164"}],"version-history":[{"count":1,"href":"https:\/\/icoinformativo.mx\/home\/index.php?rest_route=\/wp\/v2\/posts\/30164\/revisions"}],"predecessor-version":[{"id":30166,"href":"https:\/\/icoinformativo.mx\/home\/index.php?rest_route=\/wp\/v2\/posts\/30164\/revisions\/30166"}],"wp:featuredmedia":[{"embeddable":true,"href":"https:\/\/icoinformativo.mx\/home\/index.php?rest_route=\/wp\/v2\/media\/30165"}],"wp:attachment":[{"href":"https:\/\/icoinformativo.mx\/home\/index.php?rest_route=%2Fwp%2Fv2%2Fmedia&parent=30164"}],"wp:term":[{"taxonomy":"category","embeddable":true,"href":"https:\/\/icoinformativo.mx\/home\/index.php?rest_route=%2Fwp%2Fv2%2Fcategories&post=30164"},{"taxonomy":"post_tag","embeddable":true,"href":"https:\/\/icoinformativo.mx\/home\/index.php?rest_route=%2Fwp%2Fv2%2Ftags&post=30164"}],"curies":[{"name":"wp","href":"https:\/\/api.w.org\/{rel}","templated":true}]}}