{"id":30158,"date":"2025-01-24T03:50:55","date_gmt":"2025-01-24T03:50:55","guid":{"rendered":"https:\/\/icoinformativo.mx\/home\/?p=30158"},"modified":"2025-01-24T03:50:55","modified_gmt":"2025-01-24T03:50:55","slug":"andres-carballo-cordova-inaugura-pavimentacion-de-la-calle-16-en-la-colonia-el-mirador","status":"publish","type":"post","link":"https:\/\/icoinformativo.mx\/home\/?p=30158","title":{"rendered":"Andres Carballo Cordova inaugura pavimentaci\u00f3n de la Calle 16 en la colonia El Mirador"},"content":{"rendered":"<p>&nbsp;<\/p>\n<p>Al cortar el list\u00f3n inaugural, el edil se\u00f1al\u00f3 que esta construcci\u00f3n abarca 115.30 metros lineales e incluye guarniciones en ambos sentidos, con recursos del progrma Fondo de Infraestructura Social Municipal (FISM).<\/p>\n<p>&nbsp;<\/p>\n<p>El presidente municipal reiter\u00f3 su compromiso de seguir trabajando y gestionando para impulsar el crecimiento de todo Pichucalco.<\/p>\n<p>&nbsp;<\/p>\n<p>Por su parte, habitante de la popular colonia Asunci\u00f3n Sangeado Gonz\u00e1lez expres\u00f3 su agradecimiento, destacando que hacen falta m\u00e1s presidentes que cumplan su palabra.<\/p>\n<p>&nbsp;<\/p>\n<p>Agradeci\u00f3 el continuo apoyo y gesti\u00f3n del presidente para mejorar y cuidar de Pichucalco, siempre dando la cara a los ciudadanos.<\/p>\n<p>&nbsp;<\/p>\n<p>\u00a1Acciones que Contribuyen al Cambio!<\/p>\n","protected":false},"excerpt":{"rendered":"<p>&nbsp; Al cortar el list\u00f3n inaugural, el edil se\u00f1al\u00f3 que esta construcci\u00f3n abarca 115.30 metros&#8230;<\/p>\n","protected":false},"author":2,"featured_media":30159,"comment_status":"closed","ping_status":"closed","sticky":false,"template":"","format":"standard","meta":{"_joinchat":[],"footnotes":""},"categories":[18,1,2,3],"tags":[],"class_list":["post-30158","post","type-post","status-publish","format-standard","has-post-thumbnail","hentry","category-almomento","category-boletin","category-estado","category-health"],"_links":{"self":[{"href":"https:\/\/icoinformativo.mx\/home\/index.php?rest_route=\/wp\/v2\/posts\/30158","targetHints":{"allow":["GET"]}}],"collection":[{"href":"https:\/\/icoinformativo.mx\/home\/index.php?rest_route=\/wp\/v2\/posts"}],"about":[{"href":"https:\/\/icoinformativo.mx\/home\/index.php?rest_route=\/wp\/v2\/types\/post"}],"author":[{"embeddable":true,"href":"https:\/\/icoinformativo.mx\/home\/index.php?rest_route=\/wp\/v2\/users\/2"}],"replies":[{"embeddable":true,"href":"https:\/\/icoinformativo.mx\/home\/index.php?rest_route=%2Fwp%2Fv2%2Fcomments&post=30158"}],"version-history":[{"count":1,"href":"https:\/\/icoinformativo.mx\/home\/index.php?rest_route=\/wp\/v2\/posts\/30158\/revisions"}],"predecessor-version":[{"id":30160,"href":"https:\/\/icoinformativo.mx\/home\/index.php?rest_route=\/wp\/v2\/posts\/30158\/revisions\/30160"}],"wp:featuredmedia":[{"embeddable":true,"href":"https:\/\/icoinformativo.mx\/home\/index.php?rest_route=\/wp\/v2\/media\/30159"}],"wp:attachment":[{"href":"https:\/\/icoinformativo.mx\/home\/index.php?rest_route=%2Fwp%2Fv2%2Fmedia&parent=30158"}],"wp:term":[{"taxonomy":"category","embeddable":true,"href":"https:\/\/icoinformativo.mx\/home\/index.php?rest_route=%2Fwp%2Fv2%2Fcategories&post=30158"},{"taxonomy":"post_tag","embeddable":true,"href":"https:\/\/icoinformativo.mx\/home\/index.php?rest_route=%2Fwp%2Fv2%2Ftags&post=30158"}],"curies":[{"name":"wp","href":"https:\/\/api.w.org\/{rel}","templated":true}]}}