{"id":30155,"date":"2025-01-23T03:22:52","date_gmt":"2025-01-23T03:22:52","guid":{"rendered":"https:\/\/icoinformativo.mx\/home\/?p=30155"},"modified":"2025-01-23T03:22:52","modified_gmt":"2025-01-23T03:22:52","slug":"en-pichucalco-proteccion-civil-lleva-a-cabo-laverificacion-de-niveles-de-rios-y-arroyos","status":"publish","type":"post","link":"https:\/\/icoinformativo.mx\/home\/?p=30155","title":{"rendered":"En Pichucalco, protecci\u00f3n civil lleva a cabo laVerificaci\u00f3n de niveles de r\u00edos y arroyos."},"content":{"rendered":"<p>&nbsp;<\/p>\n<p>Gobierno Municipal de Pichucalco, presidido por el maestro Andr\u00e9s Carballo C\u00f3rdova, a trav\u00e9s de la Secretar\u00eda de Protecci\u00f3n Civil Municipal, contin\u00faa con los protocolos preventivos mediante la verificaci\u00f3n visual y el monitoreo del R\u00edo Pichucalco, adem\u00e1s de los arroyos que convergen en esta cabecera municipal.<\/p>\n<p>&nbsp;<\/p>\n<p>En este momento, el R\u00edo Pichucalco registra un aumento en su nivel sin presentar afectaciones a la zona urbana del municipio.<\/p>\n<p>&nbsp;<\/p>\n<p>Asimismo, se realizan recorridos en la cabecera municipal para verificar los niveles de los arroyos Chalatenco, El Cristo, El Mexiquito y Santo Domingo, los cuales se encuentran en su cauce con ligeros incrementos sin afectar a la poblaci\u00f3n.<\/p>\n<p>&nbsp;<\/p>\n<p>En el monitoreo de comunidades rurales, las zonas bajas de la rancher\u00eda Platanar Abajo 2a secci\u00f3n mantienen el tr\u00e1nsito vehicular interrumpido en el tramo Santa Martha-San debido al encharcamiento que prevalece en el tramo Crimea-San Carlos, conocido como La Recta, con tirantes de hasta 1 metro de profundidad.<\/p>\n<p>&nbsp;<\/p>\n<p>Los tramos carreteros Pichucalco-Ju\u00e1rez, Pichucalco-Teapa y Pichucalco-Ixtacomit\u00e1n no presentan afectaciones y el tr\u00e1nsito vehicular contin\u00faa abierto.<\/p>\n<p>&nbsp;<\/p>\n<p>Acciones que contribuyen al cambio.<\/p>\n","protected":false},"excerpt":{"rendered":"<p>&nbsp; Gobierno Municipal de Pichucalco, presidido por el maestro Andr\u00e9s Carballo C\u00f3rdova, a trav\u00e9s de&#8230;<\/p>\n","protected":false},"author":2,"featured_media":30156,"comment_status":"closed","ping_status":"closed","sticky":false,"template":"","format":"standard","meta":{"_joinchat":[],"footnotes":""},"categories":[18,1,2,3],"tags":[],"class_list":["post-30155","post","type-post","status-publish","format-standard","has-post-thumbnail","hentry","category-almomento","category-boletin","category-estado","category-health"],"_links":{"self":[{"href":"https:\/\/icoinformativo.mx\/home\/index.php?rest_route=\/wp\/v2\/posts\/30155","targetHints":{"allow":["GET"]}}],"collection":[{"href":"https:\/\/icoinformativo.mx\/home\/index.php?rest_route=\/wp\/v2\/posts"}],"about":[{"href":"https:\/\/icoinformativo.mx\/home\/index.php?rest_route=\/wp\/v2\/types\/post"}],"author":[{"embeddable":true,"href":"https:\/\/icoinformativo.mx\/home\/index.php?rest_route=\/wp\/v2\/users\/2"}],"replies":[{"embeddable":true,"href":"https:\/\/icoinformativo.mx\/home\/index.php?rest_route=%2Fwp%2Fv2%2Fcomments&post=30155"}],"version-history":[{"count":1,"href":"https:\/\/icoinformativo.mx\/home\/index.php?rest_route=\/wp\/v2\/posts\/30155\/revisions"}],"predecessor-version":[{"id":30157,"href":"https:\/\/icoinformativo.mx\/home\/index.php?rest_route=\/wp\/v2\/posts\/30155\/revisions\/30157"}],"wp:featuredmedia":[{"embeddable":true,"href":"https:\/\/icoinformativo.mx\/home\/index.php?rest_route=\/wp\/v2\/media\/30156"}],"wp:attachment":[{"href":"https:\/\/icoinformativo.mx\/home\/index.php?rest_route=%2Fwp%2Fv2%2Fmedia&parent=30155"}],"wp:term":[{"taxonomy":"category","embeddable":true,"href":"https:\/\/icoinformativo.mx\/home\/index.php?rest_route=%2Fwp%2Fv2%2Fcategories&post=30155"},{"taxonomy":"post_tag","embeddable":true,"href":"https:\/\/icoinformativo.mx\/home\/index.php?rest_route=%2Fwp%2Fv2%2Ftags&post=30155"}],"curies":[{"name":"wp","href":"https:\/\/api.w.org\/{rel}","templated":true}]}}