{"id":30146,"date":"2025-01-23T03:12:02","date_gmt":"2025-01-23T03:12:02","guid":{"rendered":"https:\/\/icoinformativo.mx\/home\/?p=30146"},"modified":"2025-01-23T03:12:02","modified_gmt":"2025-01-23T03:12:02","slug":"comision-permanente-convoca-a-sesion-extraordinaria","status":"publish","type":"post","link":"https:\/\/icoinformativo.mx\/home\/?p=30146","title":{"rendered":"*Comisi\u00f3n Permanente convoca a sesi\u00f3n extraordinaria*\u00a0"},"content":{"rendered":"<p>&nbsp;<\/p>\n<p>Tuxtla Guti\u00e9rrez, Chiapas; 22 de enero de 2025.- En sesi\u00f3n ordinaria, la Comisi\u00f3n Permanente presidida por el diputado Luis Ignacio Avenda\u00f1o Berm\u00fadez turn\u00f3 a comisiones parlamentarias, para su an\u00e1lisis y dictamen, las disposiciones siguientes:<\/p>\n<p>&nbsp;<\/p>\n<p>Oficio del Ayuntamiento de Simojovel, Chiapas, mediante el cual informa de la solicitud de licencia indefinida presentada por el ciudadano Guillermo Ituriel Gordillo Penagos, para separarse del cargo de regidor de representaci\u00f3n proporcional por el Partido Verde Ecologista de M\u00e9xico.<\/p>\n<p>&nbsp;<\/p>\n<p>Oficio del Ayuntamiento de Mapastepec, Chiapas, por medio del cual solicita autorizaci\u00f3n para desincorporar un terreno a favor del Banco del Bienestar para la construcci\u00f3n de una sucursal.<\/p>\n<p>&nbsp;<\/p>\n<p>Oficio del Ayuntamiento de Chiapas de Corzo, Chiapas, mediante el cual informa de la solicitud de licencia definitiva presentada por Fabi\u00e1n Orantes Abad\u00eda para separarse del cargo de regidor plurinominal por el Partido del Trabajo.<\/p>\n<p>&nbsp;<\/p>\n<p>Oficio del Ayuntamiento de Tonal\u00e1, Chiapas, por medio del cual solicitan autorizaci\u00f3n para prorrogar el decreto n\u00famero 422 publicado en el Peri\u00f3dico Oficial del Estado n\u00famero 183, de fecha 8 de septiembre del 2021, mediante el cual se autoriz\u00f3 desincorporar del patrimonio municipal un terreno y enajenarlo, v\u00eda donaci\u00f3n, a favor del Instituto Mexicano del Seguro Social, en donde se ubican oficinas administrativas de dicha dependencia.<\/p>\n<p>&nbsp;<\/p>\n<p>Finalmente, el presidente de la Comisi\u00f3n Permanente, diputado Luis Ignacio Avenda\u00f1o Berm\u00fadez, convoc\u00f3 a sesi\u00f3n extraordinaria a desarrollarse el jueves 23.<\/p>\n","protected":false},"excerpt":{"rendered":"<p>&nbsp; Tuxtla Guti\u00e9rrez, Chiapas; 22 de enero de 2025.- En sesi\u00f3n ordinaria, la Comisi\u00f3n Permanente&#8230;<\/p>\n","protected":false},"author":2,"featured_media":30147,"comment_status":"closed","ping_status":"closed","sticky":false,"template":"","format":"standard","meta":{"_joinchat":[],"footnotes":""},"categories":[18,1,2,3],"tags":[],"class_list":["post-30146","post","type-post","status-publish","format-standard","has-post-thumbnail","hentry","category-almomento","category-boletin","category-estado","category-health"],"_links":{"self":[{"href":"https:\/\/icoinformativo.mx\/home\/index.php?rest_route=\/wp\/v2\/posts\/30146","targetHints":{"allow":["GET"]}}],"collection":[{"href":"https:\/\/icoinformativo.mx\/home\/index.php?rest_route=\/wp\/v2\/posts"}],"about":[{"href":"https:\/\/icoinformativo.mx\/home\/index.php?rest_route=\/wp\/v2\/types\/post"}],"author":[{"embeddable":true,"href":"https:\/\/icoinformativo.mx\/home\/index.php?rest_route=\/wp\/v2\/users\/2"}],"replies":[{"embeddable":true,"href":"https:\/\/icoinformativo.mx\/home\/index.php?rest_route=%2Fwp%2Fv2%2Fcomments&post=30146"}],"version-history":[{"count":1,"href":"https:\/\/icoinformativo.mx\/home\/index.php?rest_route=\/wp\/v2\/posts\/30146\/revisions"}],"predecessor-version":[{"id":30148,"href":"https:\/\/icoinformativo.mx\/home\/index.php?rest_route=\/wp\/v2\/posts\/30146\/revisions\/30148"}],"wp:featuredmedia":[{"embeddable":true,"href":"https:\/\/icoinformativo.mx\/home\/index.php?rest_route=\/wp\/v2\/media\/30147"}],"wp:attachment":[{"href":"https:\/\/icoinformativo.mx\/home\/index.php?rest_route=%2Fwp%2Fv2%2Fmedia&parent=30146"}],"wp:term":[{"taxonomy":"category","embeddable":true,"href":"https:\/\/icoinformativo.mx\/home\/index.php?rest_route=%2Fwp%2Fv2%2Fcategories&post=30146"},{"taxonomy":"post_tag","embeddable":true,"href":"https:\/\/icoinformativo.mx\/home\/index.php?rest_route=%2Fwp%2Fv2%2Ftags&post=30146"}],"curies":[{"name":"wp","href":"https:\/\/api.w.org\/{rel}","templated":true}]}}