{"id":30137,"date":"2025-01-23T02:57:55","date_gmt":"2025-01-23T02:57:55","guid":{"rendered":"https:\/\/icoinformativo.mx\/home\/?p=30137"},"modified":"2025-01-23T02:57:55","modified_gmt":"2025-01-23T02:57:55","slug":"secretario-de-seguridad-del-pueblo-recorre-la-direccion-de-mantenimiento-y-talleres-generales-fortaleza","status":"publish","type":"post","link":"https:\/\/icoinformativo.mx\/home\/?p=30137","title":{"rendered":"Secretario de Seguridad del Pueblo recorre la Direcci\u00f3n de Mantenimiento y Talleres Generales \u201cFortaleza\u201d"},"content":{"rendered":"<p>&nbsp;<\/p>\n<p>Con el objetivo de fortalecer las operaciones y \u00e1reas estrat\u00e9gicas de la Secretar\u00eda de Seguridad del Pueblo (SSP), el Secretario de Seguridad del Pueblo, el doctor y piloto aviador, \u00d3scar Alberto Aparicio Avenda\u00f1o, recorri\u00f3 las instalaciones de la Direcci\u00f3n de Mantenimiento y Talleres Generales \u201cFortaleza\u201d.<\/p>\n<p>&nbsp;<\/p>\n<p>Durante su visita, el Secretario subray\u00f3 la relevancia del trabajo realizado en la \u201cFortaleza\u201d, que permite garantizar que las fuerzas operativas permanezcan en el territorio desempe\u00f1ando sus labores.<\/p>\n<p>&nbsp;<\/p>\n<p>En el recorrido, constat\u00f3 las condiciones actuales de las instalaciones, identificando \u00e1reas de oportunidad y retos para continuar mejorando esta \u00e1rea clave de la SSP.<\/p>\n<p>&nbsp;<\/p>\n<p>Con esto, el Secretario de Seguridad del Pueblo, reafirm\u00f3 el compromiso de la Secretar\u00eda con la funcionalidad y eficiencia operativa de sus espacios estrat\u00e9gicos.<\/p>\n<p>&nbsp;<\/p>\n<p>Destac\u00f3 que la dignificaci\u00f3n del trabajo policial es una prioridad para el gobierno encabezado por Eduardo Ram\u00edrez, y que fortaleciendo la infraestructura, optimizando los procesos y garantizando una coordinaci\u00f3n eficiente se avanza con este compromiso.<\/p>\n<p>&nbsp;<\/p>\n<p>Este recorrido refuerza la determinaci\u00f3n del Secretario de Seguridad del Pueblo de mejorar las condiciones laborales y operativas de las y los polic\u00edas, reconociendo su labor fundamental para construir un Chiapas m\u00e1s seguro y pr\u00f3spero.<\/p>\n","protected":false},"excerpt":{"rendered":"<p>&nbsp; Con el objetivo de fortalecer las operaciones y \u00e1reas estrat\u00e9gicas de la Secretar\u00eda de&#8230;<\/p>\n","protected":false},"author":2,"featured_media":30138,"comment_status":"closed","ping_status":"closed","sticky":false,"template":"","format":"standard","meta":{"_joinchat":[],"footnotes":""},"categories":[18,1,2,3],"tags":[],"class_list":["post-30137","post","type-post","status-publish","format-standard","has-post-thumbnail","hentry","category-almomento","category-boletin","category-estado","category-health"],"_links":{"self":[{"href":"https:\/\/icoinformativo.mx\/home\/index.php?rest_route=\/wp\/v2\/posts\/30137","targetHints":{"allow":["GET"]}}],"collection":[{"href":"https:\/\/icoinformativo.mx\/home\/index.php?rest_route=\/wp\/v2\/posts"}],"about":[{"href":"https:\/\/icoinformativo.mx\/home\/index.php?rest_route=\/wp\/v2\/types\/post"}],"author":[{"embeddable":true,"href":"https:\/\/icoinformativo.mx\/home\/index.php?rest_route=\/wp\/v2\/users\/2"}],"replies":[{"embeddable":true,"href":"https:\/\/icoinformativo.mx\/home\/index.php?rest_route=%2Fwp%2Fv2%2Fcomments&post=30137"}],"version-history":[{"count":1,"href":"https:\/\/icoinformativo.mx\/home\/index.php?rest_route=\/wp\/v2\/posts\/30137\/revisions"}],"predecessor-version":[{"id":30139,"href":"https:\/\/icoinformativo.mx\/home\/index.php?rest_route=\/wp\/v2\/posts\/30137\/revisions\/30139"}],"wp:featuredmedia":[{"embeddable":true,"href":"https:\/\/icoinformativo.mx\/home\/index.php?rest_route=\/wp\/v2\/media\/30138"}],"wp:attachment":[{"href":"https:\/\/icoinformativo.mx\/home\/index.php?rest_route=%2Fwp%2Fv2%2Fmedia&parent=30137"}],"wp:term":[{"taxonomy":"category","embeddable":true,"href":"https:\/\/icoinformativo.mx\/home\/index.php?rest_route=%2Fwp%2Fv2%2Fcategories&post=30137"},{"taxonomy":"post_tag","embeddable":true,"href":"https:\/\/icoinformativo.mx\/home\/index.php?rest_route=%2Fwp%2Fv2%2Ftags&post=30137"}],"curies":[{"name":"wp","href":"https:\/\/api.w.org\/{rel}","templated":true}]}}