{"id":30134,"date":"2025-01-23T02:52:34","date_gmt":"2025-01-23T02:52:34","guid":{"rendered":"https:\/\/icoinformativo.mx\/home\/?p=30134"},"modified":"2025-01-23T02:52:34","modified_gmt":"2025-01-23T02:52:34","slug":"cecytech-da-un-paso-firme-hacia-la-cultura-de-la-transparencia-en-chiapas","status":"publish","type":"post","link":"https:\/\/icoinformativo.mx\/home\/?p=30134","title":{"rendered":"Cecytech da un paso firme hacia la cultura de la transparencia en Chiapas"},"content":{"rendered":"<p>&nbsp;<\/p>\n<p>\u00b7 Inicia jornada de Capacitaci\u00f3n en Transparencia y Protecci\u00f3n de Datos Personales, impartida por el Instituto de Acceso a la Informaci\u00f3n P\u00fablica del Estado de Chiapas<\/p>\n<p>&nbsp;<\/p>\n<p>Tuxtla Guti\u00e9rrez, Chiapas.- El Colegio de Estudios Cient\u00edficos y Tecnol\u00f3gicos del Estado de Chiapas (Cecytech) llev\u00f3 a cabo la inauguraci\u00f3n de la Jornada de Capacitaci\u00f3n en Transparencia y Protecci\u00f3n de Datos Personales, impartida por el Instituto de Acceso a la Informaci\u00f3n P\u00fablica del Estado de Chiapas (Itaipch) con el prop\u00f3sito de fortalecer las capacidades de las y los servidores p\u00fablicos en el cumplimiento de la Ley de Transparencia y en el manejo adecuado de la informaci\u00f3n personal.<\/p>\n<p>&nbsp;<\/p>\n<p>Durante el acto de inauguraci\u00f3n en la Sala de Medios \u201cMtra. Carmen V\u00e1zquez Hern\u00e1ndez\u201d del Colegio, el director general del Cecytech, Luis Guadalupe Morales \u00c1ngeles, reiter\u00f3 el compromiso de la instituci\u00f3n con la transparencia y el correcto manejo de los datos personales.<\/p>\n<p>&nbsp;<\/p>\n<p>Morales \u00c1ngeles enfatiz\u00f3 la relevancia de la participaci\u00f3n activa de las y los servidores p\u00fablicos en la promoci\u00f3n de una cultura de transparencia. Asimismo, reconoci\u00f3 el compromiso del gobernador Eduardo Ram\u00edrez Aguilar, quien ha demostrado con acciones concretas que la transparencia y la rendici\u00f3n de cuentas no son \u00fanicamente objetivos gubernamentales, sino tambi\u00e9n herramientas clave para construir un Chiapas m\u00e1s \u00e9tico y justo.<\/p>\n<p>&nbsp;<\/p>\n<p>Al respecto, la directora de Capacitaci\u00f3n y Promoci\u00f3n de la Transparencia, Norma Elizabeth G\u00f3mez Ruiz, en representaci\u00f3n del comisionado presidente del Itaipch, Jes\u00fas David Pineda Carpio, agradeci\u00f3 la cordial invitaci\u00f3n del director general del Cecytech y destac\u00f3 que el curso fue impartido por el Instituto como parte de sus atribuciones constitucionales, centradas en la capacitaci\u00f3n continua de las y los servidores p\u00fablicos para garantizar el acceso a la informaci\u00f3n p\u00fablica y la protecci\u00f3n de los datos personales.<\/p>\n<p>&nbsp;<\/p>\n<p>A su vez, el jefe de la Unidad de Transparencia del Cecytech, Jes\u00fas Guadalupe Calder\u00f3n Culebro, subray\u00f3 la importancia de la seguridad y transparencia en la gesti\u00f3n p\u00fablica, resaltando que esta capacitaci\u00f3n permitir\u00e1 rendir \u201ccuentas claras\u201d tanto al gobernador del estado como al director general del Colegio.<\/p>\n<p>&nbsp;<\/p>\n<p>Con lo anterior, el Cecytech no solo da un paso trascendental hacia el cumplimiento de la Ley de Transparencia, sino que tambi\u00e9n refrenda su compromiso con la capacitaci\u00f3n permanente de las y los servidores p\u00fablicos de la entidad, asegurando la protecci\u00f3n de los datos personales y promoviendo la rendici\u00f3n de cuentas como pilares de una sociedad mejor informada y m\u00e1s participativa.<\/p>\n","protected":false},"excerpt":{"rendered":"<p>&nbsp; \u00b7 Inicia jornada de Capacitaci\u00f3n en Transparencia y Protecci\u00f3n de Datos Personales, impartida por&#8230;<\/p>\n","protected":false},"author":2,"featured_media":30135,"comment_status":"closed","ping_status":"closed","sticky":false,"template":"","format":"standard","meta":{"_joinchat":[],"footnotes":""},"categories":[18,1,2,3],"tags":[],"class_list":["post-30134","post","type-post","status-publish","format-standard","has-post-thumbnail","hentry","category-almomento","category-boletin","category-estado","category-health"],"_links":{"self":[{"href":"https:\/\/icoinformativo.mx\/home\/index.php?rest_route=\/wp\/v2\/posts\/30134","targetHints":{"allow":["GET"]}}],"collection":[{"href":"https:\/\/icoinformativo.mx\/home\/index.php?rest_route=\/wp\/v2\/posts"}],"about":[{"href":"https:\/\/icoinformativo.mx\/home\/index.php?rest_route=\/wp\/v2\/types\/post"}],"author":[{"embeddable":true,"href":"https:\/\/icoinformativo.mx\/home\/index.php?rest_route=\/wp\/v2\/users\/2"}],"replies":[{"embeddable":true,"href":"https:\/\/icoinformativo.mx\/home\/index.php?rest_route=%2Fwp%2Fv2%2Fcomments&post=30134"}],"version-history":[{"count":1,"href":"https:\/\/icoinformativo.mx\/home\/index.php?rest_route=\/wp\/v2\/posts\/30134\/revisions"}],"predecessor-version":[{"id":30136,"href":"https:\/\/icoinformativo.mx\/home\/index.php?rest_route=\/wp\/v2\/posts\/30134\/revisions\/30136"}],"wp:featuredmedia":[{"embeddable":true,"href":"https:\/\/icoinformativo.mx\/home\/index.php?rest_route=\/wp\/v2\/media\/30135"}],"wp:attachment":[{"href":"https:\/\/icoinformativo.mx\/home\/index.php?rest_route=%2Fwp%2Fv2%2Fmedia&parent=30134"}],"wp:term":[{"taxonomy":"category","embeddable":true,"href":"https:\/\/icoinformativo.mx\/home\/index.php?rest_route=%2Fwp%2Fv2%2Fcategories&post=30134"},{"taxonomy":"post_tag","embeddable":true,"href":"https:\/\/icoinformativo.mx\/home\/index.php?rest_route=%2Fwp%2Fv2%2Ftags&post=30134"}],"curies":[{"name":"wp","href":"https:\/\/api.w.org\/{rel}","templated":true}]}}