{"id":30131,"date":"2025-01-23T02:50:51","date_gmt":"2025-01-23T02:50:51","guid":{"rendered":"https:\/\/icoinformativo.mx\/home\/?p=30131"},"modified":"2025-01-23T02:50:51","modified_gmt":"2025-01-23T02:50:51","slug":"iap-chiapas-y-secretaria-de-salud-chiapas-oficial-unen-fuerzas-para-fortalecer-a-servidores-del-pueblo-en-la-nueva-era","status":"publish","type":"post","link":"https:\/\/icoinformativo.mx\/home\/?p=30131","title":{"rendered":"IAP Chiapas y Secretar\u00eda de Salud Chiapas Oficial unen fuerzas para fortalecer a servidores del pueblo en la Nueva ERA\u00a0"},"content":{"rendered":"<p>&nbsp;<\/p>\n<p>\u00b7 Lysette Raquel Lameiro Camacho, presidenta del IAP Chiapas y Omar G\u00f3mez Cruz, secretario de Salud suscribieron un convenio de colaboraci\u00f3n<\/p>\n<p>\u00b7 Como testigos de honor estuvieron la diputada Marcela Castillo Atristain, presidenta de la Comisi\u00f3n de Planeaci\u00f3n para el Desarrollo del Congreso del Estado y Guillermo Nieto Arreola, consejero jur\u00eddico del Gobierno del Estado de Chiapas<\/p>\n<p>&nbsp;<\/p>\n<p>Tuxtla Guti\u00e9rrez, Chiapas; mi\u00e9rcoles 22 de enero 2025.- La presidenta del Consejo Directivo del Instituto de Administraci\u00f3n P\u00fablica del Estado de Chiapas (IAP), Lysette Raquel Lameiro Camacho, y el secretario de Salud, Omar G\u00f3mez Cruz, suscribieron un convenio de colaboraci\u00f3n para fortalecer las capacidades de las y los servidores del pueblo en la entidad.<\/p>\n<p>&nbsp;<\/p>\n<p>En su intervenci\u00f3n, la presidenta del IAP Chiapas destac\u00f3 que la firma de este convenio simboliza la uni\u00f3n de voluntades y esfuerzos para transformar instituciones, con el prop\u00f3sito de servir al pueblo de Chiapas con un enfoque profundamente humanista.<\/p>\n<p>&nbsp;<\/p>\n<p>Afirm\u00f3 que el IAP Chiapas tiene una misi\u00f3n muy clara: formar servidores del pueblo con visi\u00f3n humanista, personas que vean m\u00e1s all\u00e1 de los procedimientos y estad\u00edsticas, que comprendan que cada acci\u00f3n impacta vidas, familias y comunidades.<\/p>\n<p>&nbsp;<\/p>\n<p>\u201cQueremos fortalecer las capacidades de quienes integran el sector salud, no solo con herramientas t\u00e9cnicas y administrativas, sino con una visi\u00f3n integral que los motive a ser agentes de transformaci\u00f3n en esta Nueva ERA de Chiapas a la que nos convoca el gobernador Eduardo Ram\u00edrez Aguilar\u201d, puntualiz\u00f3.<\/p>\n<p>&nbsp;<\/p>\n<p>En este contexto, la diputada Marcela Castillo Atristain felicit\u00f3 a Lysette Raquel Lameiro Camacho por esta importante firma de convenio con la Secretar\u00eda de Salud y expres\u00f3 que la capacitaci\u00f3n al personal y a los servidores p\u00fablicos es fundamental para crear en ellos una conciencia de servicio en la capacitaci\u00f3n y profesionalizaci\u00f3n en el sector p\u00fablico, y se fortalece con las recientes reformas que se llevan a cabo en el Congreso del Estado.<\/p>\n<p>&nbsp;<\/p>\n<p>Por su parte, Guillermo Nieto Arreola, consejero jur\u00eddico del Gobierno del Estado, felicit\u00f3 a la presidenta del IAP, Lysette Raquel Lameiro, en pro de la profesionalizaci\u00f3n de los servidores del pueblo y para que atiendan las necesidades de la ciudadan\u00eda con actitud humanista.<\/p>\n<p>&nbsp;<\/p>\n<p>Finalmente, el secretario de salud, Omar G\u00f3mez Cruz, celebr\u00f3 la firma del convenio de colaboraci\u00f3n entre ambas instituciones y expres\u00f3 que la salud es de las \u00e1reas m\u00e1s sensibles de la administraci\u00f3n p\u00fablica al estar en contacto directo con la poblaci\u00f3n en condiciones de vulnerabilidad, \u201centonces lo m\u00ednimo que podemos hacer es ser emp\u00e1ticos, tratar a los pacientes dignamente, como seres humanos y no como un n\u00famero de cama, de ah\u00ed la<\/p>\n<p>importancia de capacitar al personal para que sea m\u00e1s humanista en la prestaci\u00f3n de los servicios m\u00e9dicos\u201d, agreg\u00f3.<\/p>\n<p>&nbsp;<\/p>\n<p>\u00abSin capacitaci\u00f3n no hay avance, esto dar\u00e1 resultados donde se necesitan en los hospitales, centros de salud, en lo administrativo y gerencial, en todos los niveles. Todo servidor del pueblo debe ser \u00e9tico y humanista\u00bb, asever\u00f3 el funcionario estatal.<\/p>\n<p>&nbsp;<\/p>\n<p>En la firma del convenio estuvieron presentes el jefe de la Unidad de Gesti\u00f3n de Calidad y Educaci\u00f3n en Salud e integrantes del Consejo Directivo del IAP Chiapas, entre otros.<\/p>\n","protected":false},"excerpt":{"rendered":"<p>&nbsp; \u00b7 Lysette Raquel Lameiro Camacho, presidenta del IAP Chiapas y Omar G\u00f3mez Cruz, secretario&#8230;<\/p>\n","protected":false},"author":2,"featured_media":30132,"comment_status":"closed","ping_status":"closed","sticky":false,"template":"","format":"standard","meta":{"_joinchat":[],"footnotes":""},"categories":[18,1,2,3],"tags":[],"class_list":["post-30131","post","type-post","status-publish","format-standard","has-post-thumbnail","hentry","category-almomento","category-boletin","category-estado","category-health"],"_links":{"self":[{"href":"https:\/\/icoinformativo.mx\/home\/index.php?rest_route=\/wp\/v2\/posts\/30131","targetHints":{"allow":["GET"]}}],"collection":[{"href":"https:\/\/icoinformativo.mx\/home\/index.php?rest_route=\/wp\/v2\/posts"}],"about":[{"href":"https:\/\/icoinformativo.mx\/home\/index.php?rest_route=\/wp\/v2\/types\/post"}],"author":[{"embeddable":true,"href":"https:\/\/icoinformativo.mx\/home\/index.php?rest_route=\/wp\/v2\/users\/2"}],"replies":[{"embeddable":true,"href":"https:\/\/icoinformativo.mx\/home\/index.php?rest_route=%2Fwp%2Fv2%2Fcomments&post=30131"}],"version-history":[{"count":1,"href":"https:\/\/icoinformativo.mx\/home\/index.php?rest_route=\/wp\/v2\/posts\/30131\/revisions"}],"predecessor-version":[{"id":30133,"href":"https:\/\/icoinformativo.mx\/home\/index.php?rest_route=\/wp\/v2\/posts\/30131\/revisions\/30133"}],"wp:featuredmedia":[{"embeddable":true,"href":"https:\/\/icoinformativo.mx\/home\/index.php?rest_route=\/wp\/v2\/media\/30132"}],"wp:attachment":[{"href":"https:\/\/icoinformativo.mx\/home\/index.php?rest_route=%2Fwp%2Fv2%2Fmedia&parent=30131"}],"wp:term":[{"taxonomy":"category","embeddable":true,"href":"https:\/\/icoinformativo.mx\/home\/index.php?rest_route=%2Fwp%2Fv2%2Fcategories&post=30131"},{"taxonomy":"post_tag","embeddable":true,"href":"https:\/\/icoinformativo.mx\/home\/index.php?rest_route=%2Fwp%2Fv2%2Ftags&post=30131"}],"curies":[{"name":"wp","href":"https:\/\/api.w.org\/{rel}","templated":true}]}}