{"id":30128,"date":"2025-01-23T02:49:12","date_gmt":"2025-01-23T02:49:12","guid":{"rendered":"https:\/\/icoinformativo.mx\/home\/?p=30128"},"modified":"2025-01-23T02:49:12","modified_gmt":"2025-01-23T02:49:12","slug":"instituto-del-deporte-oficina-de-convenciones-y-visitantes-y-secretaria-de-turismo-sostienen-reunion-de-trabajo","status":"publish","type":"post","link":"https:\/\/icoinformativo.mx\/home\/?p=30128","title":{"rendered":"Instituto del Deporte, Oficina de Convenciones y Visitantes y Secretar\u00eda de Turismo sostienen reuni\u00f3n de trabajo"},"content":{"rendered":"<p>&nbsp;<\/p>\n<p>\u2022 Con miras a eventos nacionales e internacionales, Adona\u00ed S\u00e1nchez Osorio, V\u00edctor Aguilar y Segundo Guill\u00e9n, estrecharon lazos de cooperaci\u00f3n para impulsar el deporte y turismo<\/p>\n<p>\u2022 Se detall\u00f3 la agenda de eventos planeados por el Indeporte para este 2025 que tendr\u00edan como sede la Oficina de Convenciones y Visitantes<\/p>\n<p>&nbsp;<\/p>\n<p>Con el objetivo de estrechar lazos de cooperaci\u00f3n, el director del Instituto del Deporte (Indeporte), Adona\u00ed S\u00e1nchez Osorio, se reuni\u00f3 este d\u00eda con Segundo Guill\u00e9n, coordinador general ejecutivo de la Secretar\u00eda de Turismo y con el director de la Oficina de Convenciones y Visitantes (OCV), V\u00edctor Aguilar.<\/p>\n<p>&nbsp;<\/p>\n<p>Durante la reuni\u00f3n, el titular del Indeporte indic\u00f3 que es de vital importancia reforzar la comunicaci\u00f3n entre las instituciones, para ello entreg\u00f3 una primera agenda de trabajo donde se incluyen eventos que se pueden realizar en el recinto.<\/p>\n<p>&nbsp;<\/p>\n<p>Destac\u00f3 la propuesta de una funci\u00f3n de box de talla internacional y de una funci\u00f3n de lucha libre, adem\u00e1s de campeonatos nacionales de voleibol, taekwondo, karate y gimnasia.<\/p>\n<p>&nbsp;<\/p>\n<p>La agenda incluye tambi\u00e9n la propuesta de que Chiapas sea sede del mundial de tiro con arco, el regreso de la Vuelta Ciclista y la Carrera Panamericana, un marat\u00f3n de aguas abiertas, la carrera pedestre estatal \u201cHumanismo que Transforma\u201d, el circuito NORCECA de voleibol de playa en Puerto Arista, entre otros m\u00e1s que suman en materia de deporte y fomento al turismo.<\/p>\n<p>&nbsp;<\/p>\n<p>En ese sentido, Segundo Guill\u00e9n y V\u00edctor Berm\u00fadez coincidieron en generar y apoyar este tipo de eventos deportivos federados y de espect\u00e1culo, consolidando una sinergia con la Secretar\u00eda de Turismo que dirige Mar\u00eda Eugenia Culebro.<\/p>\n<p>&nbsp;<\/p>\n<p>Tras la reuni\u00f3n, Segundo Guill\u00e9n y V\u00edctor Berm\u00fadez invitaron a la comitiva del Indeporte a un recorrido dentro de las instalaciones.<\/p>\n<p>&nbsp;<\/p>\n<p>En esta importante reuni\u00f3n acompa\u00f1aron a Adona\u00ed S\u00e1nchez Osorio, Bernardo Couti\u00f1o, secretario t\u00e9cnico; Ferm\u00edn Carrasco, director del Desarrollo del Deporte y Mauro Ch\u00e1vez, director de Cultura F\u00edsica.<\/p>\n","protected":false},"excerpt":{"rendered":"<p>&nbsp; \u2022 Con miras a eventos nacionales e internacionales, Adona\u00ed S\u00e1nchez Osorio, V\u00edctor Aguilar y&#8230;<\/p>\n","protected":false},"author":2,"featured_media":30129,"comment_status":"closed","ping_status":"closed","sticky":false,"template":"","format":"standard","meta":{"_joinchat":[],"footnotes":""},"categories":[1,2,3],"tags":[],"class_list":["post-30128","post","type-post","status-publish","format-standard","has-post-thumbnail","hentry","category-boletin","category-estado","category-health"],"_links":{"self":[{"href":"https:\/\/icoinformativo.mx\/home\/index.php?rest_route=\/wp\/v2\/posts\/30128","targetHints":{"allow":["GET"]}}],"collection":[{"href":"https:\/\/icoinformativo.mx\/home\/index.php?rest_route=\/wp\/v2\/posts"}],"about":[{"href":"https:\/\/icoinformativo.mx\/home\/index.php?rest_route=\/wp\/v2\/types\/post"}],"author":[{"embeddable":true,"href":"https:\/\/icoinformativo.mx\/home\/index.php?rest_route=\/wp\/v2\/users\/2"}],"replies":[{"embeddable":true,"href":"https:\/\/icoinformativo.mx\/home\/index.php?rest_route=%2Fwp%2Fv2%2Fcomments&post=30128"}],"version-history":[{"count":1,"href":"https:\/\/icoinformativo.mx\/home\/index.php?rest_route=\/wp\/v2\/posts\/30128\/revisions"}],"predecessor-version":[{"id":30130,"href":"https:\/\/icoinformativo.mx\/home\/index.php?rest_route=\/wp\/v2\/posts\/30128\/revisions\/30130"}],"wp:featuredmedia":[{"embeddable":true,"href":"https:\/\/icoinformativo.mx\/home\/index.php?rest_route=\/wp\/v2\/media\/30129"}],"wp:attachment":[{"href":"https:\/\/icoinformativo.mx\/home\/index.php?rest_route=%2Fwp%2Fv2%2Fmedia&parent=30128"}],"wp:term":[{"taxonomy":"category","embeddable":true,"href":"https:\/\/icoinformativo.mx\/home\/index.php?rest_route=%2Fwp%2Fv2%2Fcategories&post=30128"},{"taxonomy":"post_tag","embeddable":true,"href":"https:\/\/icoinformativo.mx\/home\/index.php?rest_route=%2Fwp%2Fv2%2Ftags&post=30128"}],"curies":[{"name":"wp","href":"https:\/\/api.w.org\/{rel}","templated":true}]}}