{"id":30122,"date":"2025-01-23T02:44:51","date_gmt":"2025-01-23T02:44:51","guid":{"rendered":"https:\/\/icoinformativo.mx\/home\/?p=30122"},"modified":"2025-01-23T02:44:51","modified_gmt":"2025-01-23T02:44:51","slug":"acuerdan-titulares-de-secretaria-de-educacion-y-de-la-seccion-40-del-snte-caminar-juntos-por-la-transformacion-educativa-en-chiapas","status":"publish","type":"post","link":"https:\/\/icoinformativo.mx\/home\/?p=30122","title":{"rendered":"Acuerdan titulares de Secretar\u00eda de Educaci\u00f3n y de la Secci\u00f3n 40 del SNTE, caminar juntos por la transformaci\u00f3n educativa en Chiapas"},"content":{"rendered":"<p>&nbsp;<\/p>\n<p>Tuxtla Guti\u00e9rrez. &#8211; Mi compromiso con ustedes es absoluto, que nadie dude que vamos a tener una administraci\u00f3n limpia, honesta, de trabajo y, sobre todo, de resultados, expres\u00f3 el secretario de Educaci\u00f3n, Roger Mandujano Ayala, en el marco de la instalaci\u00f3n de las mesas de trabajo entre la Secretar\u00eda de Educaci\u00f3n, la Secci\u00f3n 40 y el Enlace del Sistema para la Carrera de las Maestras y los Maestros (ESICAMM).<\/p>\n<p>&nbsp;<\/p>\n<p>Durante el encuentro, el titular de la dependencia estatal comparti\u00f3 su benepl\u00e1cito por dicho encuentro en el que aprovech\u00f3 para reconocer el trabajo y liderazgo del secretario general de la #Secci\u00f3n 40 del #SNTE, #OvedBalderas Tovilla, a quien recalc\u00f3 que ser\u00e1 una Secretar\u00eda de Educaci\u00f3n de puertas abiertas permanentemente para ellos y en donde, a fin de que se mejoren los procesos, se entrar\u00e1 en un periodo de revisi\u00f3n y an\u00e1lisis de estos.<\/p>\n<p>&nbsp;<\/p>\n<p>Vaticin\u00f3 que ser\u00e1 un gran sexenio para las maestras y maestros de Chiapas, puesto que cuentan con un gobernador que es su amigo, su aliado, que los quiere, los valora y que, adem\u00e1s, tiene la interlocuci\u00f3n directa tambi\u00e9n con ellos; \u201csus demandas son justas, dignas y claro que las impulsaremos, para eso estamos aqu\u00ed\u201d, mencion\u00f3.<\/p>\n<p>&nbsp;<\/p>\n<p>La Secretar\u00eda de Educaci\u00f3n no es un trampol\u00edn pol\u00edtico, enfatiz\u00f3 Mandujano Ayala, es un trampol\u00edn de los intereses superiores de ni\u00f1as, ni\u00f1os, j\u00f3venes, maestros y de la educaci\u00f3n; y tiene que ser, agreg\u00f3, una secretar\u00eda que proponga, que innove, que escuche y que ejecute para la transformaci\u00f3n social; llamando finalmente a todos los presentes a caminar juntos por la transformaci\u00f3n educativa del estado, a trav\u00e9s de un di\u00e1logo permanente.<\/p>\n<p>&nbsp;<\/p>\n<p>Por su parte, el secretario general de la Secci\u00f3n 40 del SNTE, Oved Balderas Tovilla, brind\u00f3 a nombre de las maestras y maestros de Chiapas, una cordial bienvenida al secretario y su equipo de colaboradores, destacando que son los maestros quienes diariamente cincelan el car\u00e1cter de los ni\u00f1os y j\u00f3venes de la entidad.<\/p>\n<p>&nbsp;<\/p>\n<p>\u201cHoy, tenemos la confianza plena de que este equipo que t\u00fa comandas, secretario, va a tener los mejores resultados en materia de gesti\u00f3n y, sin duda alguna, uno de los principales temas del gobernador es la educaci\u00f3n, as\u00ed que te solicito le hagas llegar nuestro sincero reconocimiento por el extraordinario papel que realiza d\u00eda con d\u00eda y por la enorme responsabilidad designada en tu persona para abatir el analfabetismo en Chiapas\u201d, recalc\u00f3.<\/p>\n<p>&nbsp;<\/p>\n<p>Reconoci\u00f3 adem\u00e1s que, despu\u00e9s de muchos a\u00f1os en la historia de Chiapas, quienes hoy est\u00e1n en las direcciones del nivel b\u00e1sico, medio y superior, as\u00ed como de los diferentes departamentos de la Secretar\u00eda de Educaci\u00f3n, nuevamente son maestros pertenecientes a la Secci\u00f3n 40, la cual, era una de sus m\u00e1s sentidas y grandes demandas.<\/p>\n<p>&nbsp;<\/p>\n<p>Record\u00f3 finalmente que, este d\u00eda, el sindicato est\u00e1 cumpliendo 80 a\u00f1os de fundaci\u00f3n despu\u00e9s de muchos intentos fallidos de lo que hoy, record\u00f3, es la organizaci\u00f3n m\u00e1s grande de todo el planeta, con m\u00e1s de dos millones y medio de maestras y maestros trabajando bajo dos causas fundacionales: la primera, defender los derechos laborales como agremiados y, como segunda, el fortalecimiento de la educaci\u00f3n p\u00fablica; lo que significa, indic\u00f3, que podemos decirle a la sociedad que puede confiar la educaci\u00f3n de sus hijos en las maestras y maestros de este sindicato.<\/p>\n","protected":false},"excerpt":{"rendered":"<p>&nbsp; Tuxtla Guti\u00e9rrez. &#8211; Mi compromiso con ustedes es absoluto, que nadie dude que vamos&#8230;<\/p>\n","protected":false},"author":2,"featured_media":30123,"comment_status":"closed","ping_status":"closed","sticky":false,"template":"","format":"standard","meta":{"_joinchat":[],"footnotes":""},"categories":[18,1,2,3],"tags":[],"class_list":["post-30122","post","type-post","status-publish","format-standard","has-post-thumbnail","hentry","category-almomento","category-boletin","category-estado","category-health"],"_links":{"self":[{"href":"https:\/\/icoinformativo.mx\/home\/index.php?rest_route=\/wp\/v2\/posts\/30122","targetHints":{"allow":["GET"]}}],"collection":[{"href":"https:\/\/icoinformativo.mx\/home\/index.php?rest_route=\/wp\/v2\/posts"}],"about":[{"href":"https:\/\/icoinformativo.mx\/home\/index.php?rest_route=\/wp\/v2\/types\/post"}],"author":[{"embeddable":true,"href":"https:\/\/icoinformativo.mx\/home\/index.php?rest_route=\/wp\/v2\/users\/2"}],"replies":[{"embeddable":true,"href":"https:\/\/icoinformativo.mx\/home\/index.php?rest_route=%2Fwp%2Fv2%2Fcomments&post=30122"}],"version-history":[{"count":1,"href":"https:\/\/icoinformativo.mx\/home\/index.php?rest_route=\/wp\/v2\/posts\/30122\/revisions"}],"predecessor-version":[{"id":30124,"href":"https:\/\/icoinformativo.mx\/home\/index.php?rest_route=\/wp\/v2\/posts\/30122\/revisions\/30124"}],"wp:featuredmedia":[{"embeddable":true,"href":"https:\/\/icoinformativo.mx\/home\/index.php?rest_route=\/wp\/v2\/media\/30123"}],"wp:attachment":[{"href":"https:\/\/icoinformativo.mx\/home\/index.php?rest_route=%2Fwp%2Fv2%2Fmedia&parent=30122"}],"wp:term":[{"taxonomy":"category","embeddable":true,"href":"https:\/\/icoinformativo.mx\/home\/index.php?rest_route=%2Fwp%2Fv2%2Fcategories&post=30122"},{"taxonomy":"post_tag","embeddable":true,"href":"https:\/\/icoinformativo.mx\/home\/index.php?rest_route=%2Fwp%2Fv2%2Ftags&post=30122"}],"curies":[{"name":"wp","href":"https:\/\/api.w.org\/{rel}","templated":true}]}}