{"id":30119,"date":"2025-01-22T03:23:12","date_gmt":"2025-01-22T03:23:12","guid":{"rendered":"https:\/\/icoinformativo.mx\/home\/?p=30119"},"modified":"2025-01-22T03:23:12","modified_gmt":"2025-01-22T03:23:12","slug":"semuigen-e-iap-firman-convenio-de-colaboracion-institucional","status":"publish","type":"post","link":"https:\/\/icoinformativo.mx\/home\/?p=30119","title":{"rendered":"Semuigen e IAP firman convenio de colaboraci\u00f3n institucional"},"content":{"rendered":"<p>&nbsp;<\/p>\n<p>\u2022 Suman esfuerzos para capacitar a las y los servidores p\u00fablicos en materia de g\u00e9nero y derechos humanos<\/p>\n<p>&nbsp;<\/p>\n<p>Tuxtla Guti\u00e9rrez, Chiapas, 21 de enero de 2025.- La Secretar\u00eda de la Mujer e Igualdad de G\u00e9nero (Semuigen) y el Instituto de Administraci\u00f3n P\u00fablica del Estado de Chiapas (IAP) firmaron este martes un convenio de colaboraci\u00f3n institucional; el objetivo es que, a trav\u00e9s de la capacitaci\u00f3n y la profesionalizaci\u00f3n, el desempe\u00f1o de las y los servidores p\u00fablicos tenga perspectiva de g\u00e9nero y un enfoque humanista.<\/p>\n<p>&nbsp;<\/p>\n<p>Dulce Mar\u00eda Rodr\u00edguez Ovando, titular de la Semuigen, expres\u00f3 su entusiasmo por este compromiso compartido que fortalecer\u00e1 la atenci\u00f3n hacia las mujeres y las ni\u00f1as; y garantizar\u00e1 pol\u00edticas p\u00fablicas incluyentes y respetuosas para todas las personas, como lo ha indicado el gobernador Eduardo Ram\u00edrez Aguilar.<\/p>\n<p>&nbsp;<\/p>\n<p>\u201cEsta vinculaci\u00f3n tendr\u00e1 un impacto importante en la promoci\u00f3n de la igualdad de g\u00e9nero; con la capacitaci\u00f3n y la profesionalizaci\u00f3n buscamos que las y los trabajadores de la administraci\u00f3n p\u00fablica brinden un trato m\u00e1s digno y eficiente a la ciudadan\u00eda, especialmente a las mujeres\u201d, destac\u00f3.<\/p>\n<p>&nbsp;<\/p>\n<p>En este marco, Lysette Raquel Lameiro Camacho, presidenta del Consejo Directivo del IAP, apunt\u00f3 que formar a servidoras y servidores p\u00fablicos con perspectiva de g\u00e9nero no solo optimiza el desempe\u00f1o institucional, sino que tambi\u00e9n contribuye a la creaci\u00f3n de una sociedad m\u00e1s justa e igualitaria.<\/p>\n<p>&nbsp;<\/p>\n<p>A este acto asistieron por parte de la Semuigen, Magali del Roc\u00edo Guill\u00e9n Zepeda, subsecretaria de Econom\u00eda Social, y Yadira del Carmen Garc\u00eda Ram\u00edrez, jefa de la Unidad de Apoyo Administrativo.<\/p>\n<p>&nbsp;<\/p>\n<p>Del IAP estuvieron presentes, Patricia Vanessa Alvarado Grado, secretaria administrativa; Jos\u00e9 Ra\u00fal Rodr\u00edguez, secretario t\u00e9cnico; Juan Carlos Vidal L\u00f3pez, secretario acad\u00e9mico; y Jorge Daniel L\u00f3pez Gonz\u00e1lez, coordinador de estudios jur\u00eddicos; as\u00ed como Sandra del Carmen Dom\u00ednguez L\u00f3pez, consejera jur\u00eddica del Gobierno de Chiapas.<\/p>\n","protected":false},"excerpt":{"rendered":"<p>&nbsp; \u2022 Suman esfuerzos para capacitar a las y los servidores p\u00fablicos en materia de&#8230;<\/p>\n","protected":false},"author":2,"featured_media":30120,"comment_status":"closed","ping_status":"closed","sticky":false,"template":"","format":"standard","meta":{"_joinchat":[],"footnotes":""},"categories":[18,1,2,3],"tags":[],"class_list":["post-30119","post","type-post","status-publish","format-standard","has-post-thumbnail","hentry","category-almomento","category-boletin","category-estado","category-health"],"_links":{"self":[{"href":"https:\/\/icoinformativo.mx\/home\/index.php?rest_route=\/wp\/v2\/posts\/30119","targetHints":{"allow":["GET"]}}],"collection":[{"href":"https:\/\/icoinformativo.mx\/home\/index.php?rest_route=\/wp\/v2\/posts"}],"about":[{"href":"https:\/\/icoinformativo.mx\/home\/index.php?rest_route=\/wp\/v2\/types\/post"}],"author":[{"embeddable":true,"href":"https:\/\/icoinformativo.mx\/home\/index.php?rest_route=\/wp\/v2\/users\/2"}],"replies":[{"embeddable":true,"href":"https:\/\/icoinformativo.mx\/home\/index.php?rest_route=%2Fwp%2Fv2%2Fcomments&post=30119"}],"version-history":[{"count":1,"href":"https:\/\/icoinformativo.mx\/home\/index.php?rest_route=\/wp\/v2\/posts\/30119\/revisions"}],"predecessor-version":[{"id":30121,"href":"https:\/\/icoinformativo.mx\/home\/index.php?rest_route=\/wp\/v2\/posts\/30119\/revisions\/30121"}],"wp:featuredmedia":[{"embeddable":true,"href":"https:\/\/icoinformativo.mx\/home\/index.php?rest_route=\/wp\/v2\/media\/30120"}],"wp:attachment":[{"href":"https:\/\/icoinformativo.mx\/home\/index.php?rest_route=%2Fwp%2Fv2%2Fmedia&parent=30119"}],"wp:term":[{"taxonomy":"category","embeddable":true,"href":"https:\/\/icoinformativo.mx\/home\/index.php?rest_route=%2Fwp%2Fv2%2Fcategories&post=30119"},{"taxonomy":"post_tag","embeddable":true,"href":"https:\/\/icoinformativo.mx\/home\/index.php?rest_route=%2Fwp%2Fv2%2Ftags&post=30119"}],"curies":[{"name":"wp","href":"https:\/\/api.w.org\/{rel}","templated":true}]}}