{"id":30116,"date":"2025-01-22T03:21:42","date_gmt":"2025-01-22T03:21:42","guid":{"rendered":"https:\/\/icoinformativo.mx\/home\/?p=30116"},"modified":"2025-01-22T03:21:42","modified_gmt":"2025-01-22T03:21:42","slug":"cobach-reitera-compromiso-con-el-bienestar-integral-del-alumnado","status":"publish","type":"post","link":"https:\/\/icoinformativo.mx\/home\/?p=30116","title":{"rendered":"Cobach reitera compromiso con el bienestar integral del alumnado"},"content":{"rendered":"<p>&nbsp;<\/p>\n<p>\u2022 El director general, Miguel Prado de los Santos, se reuni\u00f3 con madres y padres de familia del plantel 59 Pantelh\u00f3<\/p>\n<p>&nbsp;<\/p>\n<p>Pantelh\u00f3, Chiapas; enero 21.- Con el compromiso de generar pr\u00e1cticas educativas transversales que optimicen el ambiente escolar en beneficio de las y los estudiantes, el director general del Colegio de Bachilleres de Chiapas (Cobach), Miguel Prado de los Santos, se reuni\u00f3 este martes con integrantes de la sociedad de madres y padres de familia del plantel 59 Pantelh\u00f3 de la Coordinaci\u00f3n de Zona Altos.<\/p>\n<p>&nbsp;<\/p>\n<p>Esta visita de trabajo tuvo como objetivo la implementaci\u00f3n de estrategias para reiniciar las actividades acad\u00e9micas en forma presencial que den seguimiento a la formaci\u00f3n de la juventud de este centro educativo, donde se propusieron mejoras para fortalecer la educaci\u00f3n que se imparte y coadyuvar as\u00ed al desarrollo integral del alumnado y de la comunidad.<\/p>\n<p>&nbsp;<\/p>\n<p>Bajo el esquema de trabajo del gobierno de la Nueva Era que encabeza el gobernador Eduardo Ram\u00edrez Aguilar en apoyo a la educaci\u00f3n, el titular del Cobach anunci\u00f3 una serie de acciones como la actualizaci\u00f3n permanente de los programas de formaci\u00f3n docente, la incorporaci\u00f3n de nuevas tecnolog\u00edas en el aula, mayor apoyo en infraestructura, entre otras tareas que promuevan la participaci\u00f3n activa y trabajo en equipo.<\/p>\n<p>&nbsp;<\/p>\n<p>Prado de los Santos pidi\u00f3 el apoyo incondicional de las madres y padres de familia, pues con la responsabilidad compartida y esfuerzo conjunto \u201cvamos a enriquecer la experiencia de aprendizaje y el fomento de un ambiente de inclusi\u00f3n y colaboraci\u00f3n entre la comunidad y el personal directivo, administrativo, docente y nuestros alumnos y alumnas\u201d, abund\u00f3.<\/p>\n<p>&nbsp;<\/p>\n<p>Asimismo, resalt\u00f3 la imperiosa necesidad de abordar metodolog\u00edas que permitan al alumnado permanecer en la escuela hasta culminar sus estudios y lograr una carrera profesional; pues en Chiapas la deserci\u00f3n y abandono escolar presentan cifras alarmantes y as\u00ed no podremos lograr la paz y armon\u00eda tan anhelada por las y los chiapanecos.<\/p>\n<p>&nbsp;<\/p>\n<p>En esta reuni\u00f3n estuvieron presentes Rafael An\u00edbal Cordero Guillen, coordinador de la Zona Altos, Rigoberto G\u00f3mez P\u00e9rez, director del plantel 59 Pantelh\u00f3 y Julia Ju\u00e1rez, presidenta del Comit\u00e9 de Madres y Padres de Familia.<\/p>\n","protected":false},"excerpt":{"rendered":"<p>&nbsp; \u2022 El director general, Miguel Prado de los Santos, se reuni\u00f3 con madres y&#8230;<\/p>\n","protected":false},"author":2,"featured_media":30117,"comment_status":"closed","ping_status":"closed","sticky":false,"template":"","format":"standard","meta":{"_joinchat":[],"footnotes":""},"categories":[18,1,2,3],"tags":[],"class_list":["post-30116","post","type-post","status-publish","format-standard","has-post-thumbnail","hentry","category-almomento","category-boletin","category-estado","category-health"],"_links":{"self":[{"href":"https:\/\/icoinformativo.mx\/home\/index.php?rest_route=\/wp\/v2\/posts\/30116","targetHints":{"allow":["GET"]}}],"collection":[{"href":"https:\/\/icoinformativo.mx\/home\/index.php?rest_route=\/wp\/v2\/posts"}],"about":[{"href":"https:\/\/icoinformativo.mx\/home\/index.php?rest_route=\/wp\/v2\/types\/post"}],"author":[{"embeddable":true,"href":"https:\/\/icoinformativo.mx\/home\/index.php?rest_route=\/wp\/v2\/users\/2"}],"replies":[{"embeddable":true,"href":"https:\/\/icoinformativo.mx\/home\/index.php?rest_route=%2Fwp%2Fv2%2Fcomments&post=30116"}],"version-history":[{"count":1,"href":"https:\/\/icoinformativo.mx\/home\/index.php?rest_route=\/wp\/v2\/posts\/30116\/revisions"}],"predecessor-version":[{"id":30118,"href":"https:\/\/icoinformativo.mx\/home\/index.php?rest_route=\/wp\/v2\/posts\/30116\/revisions\/30118"}],"wp:featuredmedia":[{"embeddable":true,"href":"https:\/\/icoinformativo.mx\/home\/index.php?rest_route=\/wp\/v2\/media\/30117"}],"wp:attachment":[{"href":"https:\/\/icoinformativo.mx\/home\/index.php?rest_route=%2Fwp%2Fv2%2Fmedia&parent=30116"}],"wp:term":[{"taxonomy":"category","embeddable":true,"href":"https:\/\/icoinformativo.mx\/home\/index.php?rest_route=%2Fwp%2Fv2%2Fcategories&post=30116"},{"taxonomy":"post_tag","embeddable":true,"href":"https:\/\/icoinformativo.mx\/home\/index.php?rest_route=%2Fwp%2Fv2%2Ftags&post=30116"}],"curies":[{"name":"wp","href":"https:\/\/api.w.org\/{rel}","templated":true}]}}