{"id":30113,"date":"2025-01-22T03:18:15","date_gmt":"2025-01-22T03:18:15","guid":{"rendered":"https:\/\/icoinformativo.mx\/home\/?p=30113"},"modified":"2025-01-22T03:18:15","modified_gmt":"2025-01-22T03:18:15","slug":"reunion-clave-entre-cecytech-e-inifech-fortalece-la-infraestructura-educativa-en-chiapas","status":"publish","type":"post","link":"https:\/\/icoinformativo.mx\/home\/?p=30113","title":{"rendered":"Reuni\u00f3n clave entre Cecytech e Inifech fortalece la infraestructura educativa en Chiapas"},"content":{"rendered":"<p>&nbsp;<\/p>\n<p>El Colegio de Estudios Cient\u00edficos y Tecnol\u00f3gicos del Estado de Chiapas (Cecytech) y el Instituto de la Infraestructura F\u00edsica Educativa del Estado de Chiapas (Inifech) sostuvieron una reuni\u00f3n de trabajo con el objetivo de reafirmar el compromiso con la mejora continua de los espacios educativos, priorizando acciones que permitan elevar la calidad de la ense\u00f1anza en beneficio de los j\u00f3venes chiapanecos.<\/p>\n<p>El director general del Cecytech, Luis Guadalupe Morales \u00c1ngeles, y el titular del Inifech, Carlos Ildelfonso Jim\u00e9nez Trujillo, coincidieron en que en esta Nueva Era la educaci\u00f3n se convierta en el eje transformador de la sociedad garantizando que las y los j\u00f3venes cuenten con las herramientas necesarias para construir un futuro prometedor.<\/p>\n<p>Morales \u00c1ngeles reconoci\u00f3 el compromiso del gobernador Eduardo Ram\u00edrez Aguilar con la educaci\u00f3n en el estado, enfatizando que su administraci\u00f3n ha puesto un enfoque decidido en el fortalecimiento del sector educativo. \u00abEntendemos que la educaci\u00f3n no solo es una prioridad, sino la base del desarrollo social y econ\u00f3mico de nuestra regi\u00f3n\u00bb, destac\u00f3.<\/p>\n<p>Por su parte, Jim\u00e9nez Trujillo asegur\u00f3 que el Inifech continuar\u00e1 trabajando de manera conjunta con el Colegio y todas las instituciones de educaci\u00f3n en el estado a fin de garantizar espacios seguros, funcionales y dignos para los estudiantes. \u00abLa infraestructura adecuada no solo mejora la calidad educativa, sino que tambi\u00e9n contribuye al bienestar integral de los estudiantes promoviendo un aprendizaje humanista de excelencia\u00bb, mencion\u00f3.<\/p>\n<p>Es importante mencionar que, durante la reuni\u00f3n se inform\u00f3 que se gestionar\u00e1n 10 aulas destinadas a diversos planteles del Colegio, subrayando que estos espacios son esenciales para ofrecer condiciones \u00f3ptimas de aprendizaje y desarrollo integral para los estudiantes.<\/p>\n<p>Finalmente, el encuentro destac\u00f3 el compromiso del gobierno del estado y de ambas instituciones con el fortalecimiento de la educaci\u00f3n en Chiapas.<\/p>\n","protected":false},"excerpt":{"rendered":"<p>&nbsp; El Colegio de Estudios Cient\u00edficos y Tecnol\u00f3gicos del Estado de Chiapas (Cecytech) y el&#8230;<\/p>\n","protected":false},"author":2,"featured_media":30114,"comment_status":"closed","ping_status":"closed","sticky":false,"template":"","format":"standard","meta":{"_joinchat":[],"footnotes":""},"categories":[18,1,2,3],"tags":[],"class_list":["post-30113","post","type-post","status-publish","format-standard","has-post-thumbnail","hentry","category-almomento","category-boletin","category-estado","category-health"],"_links":{"self":[{"href":"https:\/\/icoinformativo.mx\/home\/index.php?rest_route=\/wp\/v2\/posts\/30113","targetHints":{"allow":["GET"]}}],"collection":[{"href":"https:\/\/icoinformativo.mx\/home\/index.php?rest_route=\/wp\/v2\/posts"}],"about":[{"href":"https:\/\/icoinformativo.mx\/home\/index.php?rest_route=\/wp\/v2\/types\/post"}],"author":[{"embeddable":true,"href":"https:\/\/icoinformativo.mx\/home\/index.php?rest_route=\/wp\/v2\/users\/2"}],"replies":[{"embeddable":true,"href":"https:\/\/icoinformativo.mx\/home\/index.php?rest_route=%2Fwp%2Fv2%2Fcomments&post=30113"}],"version-history":[{"count":1,"href":"https:\/\/icoinformativo.mx\/home\/index.php?rest_route=\/wp\/v2\/posts\/30113\/revisions"}],"predecessor-version":[{"id":30115,"href":"https:\/\/icoinformativo.mx\/home\/index.php?rest_route=\/wp\/v2\/posts\/30113\/revisions\/30115"}],"wp:featuredmedia":[{"embeddable":true,"href":"https:\/\/icoinformativo.mx\/home\/index.php?rest_route=\/wp\/v2\/media\/30114"}],"wp:attachment":[{"href":"https:\/\/icoinformativo.mx\/home\/index.php?rest_route=%2Fwp%2Fv2%2Fmedia&parent=30113"}],"wp:term":[{"taxonomy":"category","embeddable":true,"href":"https:\/\/icoinformativo.mx\/home\/index.php?rest_route=%2Fwp%2Fv2%2Fcategories&post=30113"},{"taxonomy":"post_tag","embeddable":true,"href":"https:\/\/icoinformativo.mx\/home\/index.php?rest_route=%2Fwp%2Fv2%2Ftags&post=30113"}],"curies":[{"name":"wp","href":"https:\/\/api.w.org\/{rel}","templated":true}]}}