{"id":30110,"date":"2025-01-22T02:28:35","date_gmt":"2025-01-22T02:28:35","guid":{"rendered":"https:\/\/icoinformativo.mx\/home\/?p=30110"},"modified":"2025-01-22T02:28:35","modified_gmt":"2025-01-22T02:28:35","slug":"participa-secretario-de-seguridad-del-pueblo-en-la-firma-de-convenio-de-coordinacion-y-colaboracion-intergubernamental-de-acciones-en-materia-de-seguridad-con-el-estado-de-oaxaca","status":"publish","type":"post","link":"https:\/\/icoinformativo.mx\/home\/?p=30110","title":{"rendered":"*Participa Secretario de Seguridad del Pueblo en la firma de Convenio de Coordinaci\u00f3n y Colaboraci\u00f3n Intergubernamental de Acciones en Materia de Seguridad con el estado de Oaxaca.*"},"content":{"rendered":"<p>&nbsp;<\/p>\n<p>El secretario de Seguridad del Pueblo, el doctor y piloto aviador, \u00d3scar Alberto Aparicio Avenda\u00f1o, acompa\u00f1\u00f3 al gobernador del estado de Chiapas, Eduardo Ram\u00edrez Aguilar a la Reuni\u00f3n Interestatal de Seguridad, que sostuvo con el gobernador del estado de Oaxaca, Salom\u00f3n Jara Cruz.<\/p>\n<p>&nbsp;<\/p>\n<p>En esta reuni\u00f3n se firm\u00f3 el Convenio de Coordinaci\u00f3n y Colaboraci\u00f3n Intergubernamental de Acciones en Materia de Seguridad con el estado de Oaxaca.<\/p>\n<p>&nbsp;<\/p>\n<p>Este convenio busca combatir de manera coordinada y eficaz, la delincuencia y garantizar la paz y seguridad en ambas entidades del sur de la Rep\u00fablica.<\/p>\n<p>&nbsp;<\/p>\n<p>Al trabajar en colaboraci\u00f3n, las fuerzas de seguridad p\u00fablica podr\u00e1n reforzar estrategias para construir un futuro m\u00e1s seguro en ambas entidades.<\/p>\n<p>&nbsp;<\/p>\n<p>En la reuni\u00f3n, el Secretario de Seguridad del Pueblo afirm\u00f3 que un factor importante dentro de la estrategia, es la facultad de investigaci\u00f3n de los diversos delitos en Chiapas, lo que ha permitido tener avances importantes en la aplicaci\u00f3n de la justicia y llevar a cabo operativos precisos contra la delincuencia.<\/p>\n","protected":false},"excerpt":{"rendered":"<p>&nbsp; El secretario de Seguridad del Pueblo, el doctor y piloto aviador, \u00d3scar Alberto Aparicio&#8230;<\/p>\n","protected":false},"author":2,"featured_media":30111,"comment_status":"closed","ping_status":"closed","sticky":false,"template":"","format":"standard","meta":{"_joinchat":[],"footnotes":""},"categories":[18,1,2,3],"tags":[],"class_list":["post-30110","post","type-post","status-publish","format-standard","has-post-thumbnail","hentry","category-almomento","category-boletin","category-estado","category-health"],"_links":{"self":[{"href":"https:\/\/icoinformativo.mx\/home\/index.php?rest_route=\/wp\/v2\/posts\/30110","targetHints":{"allow":["GET"]}}],"collection":[{"href":"https:\/\/icoinformativo.mx\/home\/index.php?rest_route=\/wp\/v2\/posts"}],"about":[{"href":"https:\/\/icoinformativo.mx\/home\/index.php?rest_route=\/wp\/v2\/types\/post"}],"author":[{"embeddable":true,"href":"https:\/\/icoinformativo.mx\/home\/index.php?rest_route=\/wp\/v2\/users\/2"}],"replies":[{"embeddable":true,"href":"https:\/\/icoinformativo.mx\/home\/index.php?rest_route=%2Fwp%2Fv2%2Fcomments&post=30110"}],"version-history":[{"count":1,"href":"https:\/\/icoinformativo.mx\/home\/index.php?rest_route=\/wp\/v2\/posts\/30110\/revisions"}],"predecessor-version":[{"id":30112,"href":"https:\/\/icoinformativo.mx\/home\/index.php?rest_route=\/wp\/v2\/posts\/30110\/revisions\/30112"}],"wp:featuredmedia":[{"embeddable":true,"href":"https:\/\/icoinformativo.mx\/home\/index.php?rest_route=\/wp\/v2\/media\/30111"}],"wp:attachment":[{"href":"https:\/\/icoinformativo.mx\/home\/index.php?rest_route=%2Fwp%2Fv2%2Fmedia&parent=30110"}],"wp:term":[{"taxonomy":"category","embeddable":true,"href":"https:\/\/icoinformativo.mx\/home\/index.php?rest_route=%2Fwp%2Fv2%2Fcategories&post=30110"},{"taxonomy":"post_tag","embeddable":true,"href":"https:\/\/icoinformativo.mx\/home\/index.php?rest_route=%2Fwp%2Fv2%2Ftags&post=30110"}],"curies":[{"name":"wp","href":"https:\/\/api.w.org\/{rel}","templated":true}]}}