{"id":30104,"date":"2025-01-22T01:22:56","date_gmt":"2025-01-22T01:22:56","guid":{"rendered":"https:\/\/icoinformativo.mx\/home\/?p=30104"},"modified":"2025-01-22T01:22:56","modified_gmt":"2025-01-22T01:22:56","slug":"alcalde-de-reforma-preside-importante-reunion-con-agentes-municipales","status":"publish","type":"post","link":"https:\/\/icoinformativo.mx\/home\/?p=30104","title":{"rendered":"Alcalde de Reforma preside importante reuni\u00f3n con agentes municipales"},"content":{"rendered":"<p>Pedro Ram\u00edrez Ramos, presidente municipal de Reforma, sostuvo una reuni\u00f3n de trabajo con delegados de colonias y agentes municipales para escuchar sus necesidades y trabajar juntos en la mejora de los servicios p\u00fablicos municipales.<\/p>\n<p>&nbsp;<\/p>\n<p>Durante la reuni\u00f3n, se acord\u00f3 fortalecer la coordinaci\u00f3n entre las autoridades municipales y las comunidades para abordar los desaf\u00edos locales.<\/p>\n<p>&nbsp;<\/p>\n<p>Ram\u00edrez Ramos tambi\u00e9n anunci\u00f3 que visitar\u00e1 las colonias y dar\u00e1 audiencia en las comunidades en los pr\u00f3ximos d\u00edas, demostrando su compromiso con un gobierno cercano a la gente.<\/p>\n<p>&nbsp;<\/p>\n<p>Adem\u00e1s, expres\u00f3 su reconocimiento a los delegados y agentes municipales por su dedicaci\u00f3n y vocaci\u00f3n de servicio en beneficio de sus comunidades.<\/p>\n<p>&nbsp;<\/p>\n<p>Este tipo de reuniones refleja el enfoque de Ram\u00edrez Ramos en la atenci\u00f3n ciudadana y la colaboraci\u00f3n con las comunidades para mejorar la calidad de vida en Reforma.<\/p>\n","protected":false},"excerpt":{"rendered":"<p>Pedro Ram\u00edrez Ramos, presidente municipal de Reforma, sostuvo una reuni\u00f3n de trabajo con delegados de&#8230;<\/p>\n","protected":false},"author":2,"featured_media":30105,"comment_status":"closed","ping_status":"closed","sticky":false,"template":"","format":"standard","meta":{"_joinchat":[],"footnotes":""},"categories":[18,1,2,3],"tags":[],"class_list":["post-30104","post","type-post","status-publish","format-standard","has-post-thumbnail","hentry","category-almomento","category-boletin","category-estado","category-health"],"_links":{"self":[{"href":"https:\/\/icoinformativo.mx\/home\/index.php?rest_route=\/wp\/v2\/posts\/30104","targetHints":{"allow":["GET"]}}],"collection":[{"href":"https:\/\/icoinformativo.mx\/home\/index.php?rest_route=\/wp\/v2\/posts"}],"about":[{"href":"https:\/\/icoinformativo.mx\/home\/index.php?rest_route=\/wp\/v2\/types\/post"}],"author":[{"embeddable":true,"href":"https:\/\/icoinformativo.mx\/home\/index.php?rest_route=\/wp\/v2\/users\/2"}],"replies":[{"embeddable":true,"href":"https:\/\/icoinformativo.mx\/home\/index.php?rest_route=%2Fwp%2Fv2%2Fcomments&post=30104"}],"version-history":[{"count":1,"href":"https:\/\/icoinformativo.mx\/home\/index.php?rest_route=\/wp\/v2\/posts\/30104\/revisions"}],"predecessor-version":[{"id":30106,"href":"https:\/\/icoinformativo.mx\/home\/index.php?rest_route=\/wp\/v2\/posts\/30104\/revisions\/30106"}],"wp:featuredmedia":[{"embeddable":true,"href":"https:\/\/icoinformativo.mx\/home\/index.php?rest_route=\/wp\/v2\/media\/30105"}],"wp:attachment":[{"href":"https:\/\/icoinformativo.mx\/home\/index.php?rest_route=%2Fwp%2Fv2%2Fmedia&parent=30104"}],"wp:term":[{"taxonomy":"category","embeddable":true,"href":"https:\/\/icoinformativo.mx\/home\/index.php?rest_route=%2Fwp%2Fv2%2Fcategories&post=30104"},{"taxonomy":"post_tag","embeddable":true,"href":"https:\/\/icoinformativo.mx\/home\/index.php?rest_route=%2Fwp%2Fv2%2Ftags&post=30104"}],"curies":[{"name":"wp","href":"https:\/\/api.w.org\/{rel}","templated":true}]}}