{"id":30095,"date":"2025-01-22T01:02:17","date_gmt":"2025-01-22T01:02:17","guid":{"rendered":"https:\/\/icoinformativo.mx\/home\/?p=30095"},"modified":"2025-01-22T01:02:17","modified_gmt":"2025-01-22T01:02:17","slug":"eduardo-ramirez-encabeza-banderazo-de-inicio-de-la-obra-de-mejoramiento-de-la-imagen-urbana-y-turistica-de-puerto-arista","status":"publish","type":"post","link":"https:\/\/icoinformativo.mx\/home\/?p=30095","title":{"rendered":"*Eduardo Ram\u00edrez encabeza banderazo de inicio de la obra de mejoramiento de la imagen urbana y tur\u00edstica de Puerto Arista"},"content":{"rendered":"<p>&nbsp;<\/p>\n<p>El gobernador Eduardo Ram\u00edrez Aguilar encabez\u00f3 el banderazo de inicio de la obra de mejoramiento de la imagen urbana y tur\u00edstica de Puerto Arista, un compromiso adquirido desde los primeros d\u00edas de su administraci\u00f3n con el objetivo de devolverle la grandeza y consolidarlo como un destino tur\u00edstico mundial.<\/p>\n<p>&nbsp;<\/p>\n<p>Durante el evento, el mandatario celebr\u00f3 que el incremento de seguridad en las carreteras de Chiapas ha permitido un mayor flujo de visitantes a Puerto Arista. En este sentido, hizo un llamado a la colaboraci\u00f3n entre autoridades y prestadores de servicios para fortalecerlo como un sitio limpio, seguro y acogedor que atraiga al turismo nacional e internacional.<\/p>\n<p>&nbsp;<\/p>\n<p>Ram\u00edrez Aguilar destac\u00f3 que adem\u00e1s de esta obra, que iniciar\u00e1 con el mejoramiento integral de las calles, se invertir\u00e1 en otros proyectos de infraestructura, y se trabajar\u00e1 para ofrecer nuevas alternativas de entretenimiento y convivencia familiar.<\/p>\n<p>&nbsp;<\/p>\n<p>El gobernador asegur\u00f3 que con estas acciones tambi\u00e9n se reactivar\u00e1 la econom\u00eda, por lo que invit\u00f3 a las y los prestadores de servicios a capacitarse y mantener limpia la zona para brindar una experiencia positiva a quienes eligen Puerto Arista para descansar y convivir.<\/p>\n<p>&nbsp;<\/p>\n<p>La secretaria de Infraestructura, Anakaren G\u00f3mez Zuart, detall\u00f3 que en la primera etapa de este proyecto se destinar\u00e1 una inversi\u00f3n de 48 millones 567 mil 526 pesos, y se trabajar\u00e1 en obras resilientes a desastres naturales, consistentes en la demolici\u00f3n y reposici\u00f3n de concreto existente en calles y banquetas de la avenida principal, as\u00ed como en la rehabilitaci\u00f3n de cinco accesos al mar; instalaci\u00f3n de mobiliario urbano, se\u00f1al\u00e9tica y nomenclatura urbana; introducci\u00f3n de instalaci\u00f3n de energ\u00eda el\u00e9ctrica subterr\u00e1nea, reparaci\u00f3n e instalaci\u00f3n de descargas sanitarias y tomas domiciliarias de agua potable, entre otras acciones.<\/p>\n<p>&nbsp;<\/p>\n<p>Por su parte, el coordinador general Ejecutivo de la Secretar\u00eda de Turismo, Segundo Guill\u00e9n Gordillo, afirm\u00f3 que se continuar\u00e1 trabajando para transformar a este emblem\u00e1tico lugar como un destino tur\u00edstico de clase mundial, como lo ha instruido el gobernador Eduardo Ram\u00edrez.<\/p>\n<p>&nbsp;<\/p>\n<p>Finalmente, el alcalde de Tonal\u00e1, Manuel de Jes\u00fas Narc\u00eda Couti\u00f1o reconoci\u00f3 que gracias al impulso del programa Carretera Segura, ha prevalecido la tranquilidad y la seguridad vial, permitiendo un mayor flujo de visitantes y el impulso del desarrollo del sector tur\u00edstico de este municipio.<\/p>\n<p>&nbsp;<\/p>\n<p>Estuvieron presentes: la se\u00f1ora Sof\u00eda Espinoza Abarca, el presidente del Tribunal Superior de Justicia del Estado, Juan Carlos Moreno Guill\u00e9n; el secretario de Salud, Omar G\u00f3mez Cruz; la diputada federal Azucena Arreola Trinidad, las diputadas locales Faride Abud Garc\u00eda y Alejandra G\u00f3mez Mendoza; la presidenta del DIF Municipal, Beatriz Janisse Iglesias Valdiviezo; la representante de las y los prestadores de servicios, Karina Ricelly Palomeque Tapia y sociedad civil, entre otros.<\/p>\n","protected":false},"excerpt":{"rendered":"<p>&nbsp; El gobernador Eduardo Ram\u00edrez Aguilar encabez\u00f3 el banderazo de inicio de la obra de&#8230;<\/p>\n","protected":false},"author":2,"featured_media":30096,"comment_status":"closed","ping_status":"closed","sticky":false,"template":"","format":"standard","meta":{"_joinchat":[],"footnotes":""},"categories":[1,2,3],"tags":[],"class_list":["post-30095","post","type-post","status-publish","format-standard","has-post-thumbnail","hentry","category-boletin","category-estado","category-health"],"_links":{"self":[{"href":"https:\/\/icoinformativo.mx\/home\/index.php?rest_route=\/wp\/v2\/posts\/30095","targetHints":{"allow":["GET"]}}],"collection":[{"href":"https:\/\/icoinformativo.mx\/home\/index.php?rest_route=\/wp\/v2\/posts"}],"about":[{"href":"https:\/\/icoinformativo.mx\/home\/index.php?rest_route=\/wp\/v2\/types\/post"}],"author":[{"embeddable":true,"href":"https:\/\/icoinformativo.mx\/home\/index.php?rest_route=\/wp\/v2\/users\/2"}],"replies":[{"embeddable":true,"href":"https:\/\/icoinformativo.mx\/home\/index.php?rest_route=%2Fwp%2Fv2%2Fcomments&post=30095"}],"version-history":[{"count":1,"href":"https:\/\/icoinformativo.mx\/home\/index.php?rest_route=\/wp\/v2\/posts\/30095\/revisions"}],"predecessor-version":[{"id":30097,"href":"https:\/\/icoinformativo.mx\/home\/index.php?rest_route=\/wp\/v2\/posts\/30095\/revisions\/30097"}],"wp:featuredmedia":[{"embeddable":true,"href":"https:\/\/icoinformativo.mx\/home\/index.php?rest_route=\/wp\/v2\/media\/30096"}],"wp:attachment":[{"href":"https:\/\/icoinformativo.mx\/home\/index.php?rest_route=%2Fwp%2Fv2%2Fmedia&parent=30095"}],"wp:term":[{"taxonomy":"category","embeddable":true,"href":"https:\/\/icoinformativo.mx\/home\/index.php?rest_route=%2Fwp%2Fv2%2Fcategories&post=30095"},{"taxonomy":"post_tag","embeddable":true,"href":"https:\/\/icoinformativo.mx\/home\/index.php?rest_route=%2Fwp%2Fv2%2Ftags&post=30095"}],"curies":[{"name":"wp","href":"https:\/\/api.w.org\/{rel}","templated":true}]}}