{"id":30083,"date":"2025-01-22T00:51:21","date_gmt":"2025-01-22T00:51:21","guid":{"rendered":"https:\/\/icoinformativo.mx\/home\/?p=30083"},"modified":"2025-01-22T00:51:21","modified_gmt":"2025-01-22T00:51:21","slug":"ayuntamiento-de-pichucalco-instala-modulo-de-pre-registro-para-la-beca-rosario-castellanos","status":"publish","type":"post","link":"https:\/\/icoinformativo.mx\/home\/?p=30083","title":{"rendered":"Ayuntamiento de Pichucalco instala m\u00f3dulo de pre registro para la beca Rosario Castellanos"},"content":{"rendered":"<p>El Gobierno Municipal de Pichucalco, que preside el Mtro. Andr\u00e9s Carballo C\u00f3rdova, ha instruido a distintas \u00e1reas para brindar apoyo a trav\u00e9s del m\u00f3dulo de preinscripci\u00f3n a la Beca Rosario Castellanos para personas mayores de 15 a\u00f1os.<\/p>\n<p>&nbsp;<\/p>\n<p>Este m\u00f3dulo estar\u00e1 instalado en el Palacio Municipal desde hoy, 21 de enero, hasta el jueves 30 de enero, en horario de 9:00 a 16:00 horas.<\/p>\n<p>&nbsp;<\/p>\n<p>Recuerda traer:<\/p>\n<p>&#8211; Copia de Acta de Nacimiento<\/p>\n<p>&#8211; Copia de Credencial de Elector<\/p>\n<p>&#8211; Copia de CURP (verificada por registro civil)<\/p>\n<p>El tr\u00e1mite es personal<\/p>\n<p>&nbsp;<\/p>\n<p>\u00a1Acciones que contribuyen al cambio!<\/p>\n","protected":false},"excerpt":{"rendered":"<p>El Gobierno Municipal de Pichucalco, que preside el Mtro. Andr\u00e9s Carballo C\u00f3rdova, ha instruido a&#8230;<\/p>\n","protected":false},"author":2,"featured_media":30084,"comment_status":"closed","ping_status":"closed","sticky":false,"template":"","format":"standard","meta":{"_joinchat":[],"footnotes":""},"categories":[18,1,2,3],"tags":[],"class_list":["post-30083","post","type-post","status-publish","format-standard","has-post-thumbnail","hentry","category-almomento","category-boletin","category-estado","category-health"],"_links":{"self":[{"href":"https:\/\/icoinformativo.mx\/home\/index.php?rest_route=\/wp\/v2\/posts\/30083","targetHints":{"allow":["GET"]}}],"collection":[{"href":"https:\/\/icoinformativo.mx\/home\/index.php?rest_route=\/wp\/v2\/posts"}],"about":[{"href":"https:\/\/icoinformativo.mx\/home\/index.php?rest_route=\/wp\/v2\/types\/post"}],"author":[{"embeddable":true,"href":"https:\/\/icoinformativo.mx\/home\/index.php?rest_route=\/wp\/v2\/users\/2"}],"replies":[{"embeddable":true,"href":"https:\/\/icoinformativo.mx\/home\/index.php?rest_route=%2Fwp%2Fv2%2Fcomments&post=30083"}],"version-history":[{"count":1,"href":"https:\/\/icoinformativo.mx\/home\/index.php?rest_route=\/wp\/v2\/posts\/30083\/revisions"}],"predecessor-version":[{"id":30085,"href":"https:\/\/icoinformativo.mx\/home\/index.php?rest_route=\/wp\/v2\/posts\/30083\/revisions\/30085"}],"wp:featuredmedia":[{"embeddable":true,"href":"https:\/\/icoinformativo.mx\/home\/index.php?rest_route=\/wp\/v2\/media\/30084"}],"wp:attachment":[{"href":"https:\/\/icoinformativo.mx\/home\/index.php?rest_route=%2Fwp%2Fv2%2Fmedia&parent=30083"}],"wp:term":[{"taxonomy":"category","embeddable":true,"href":"https:\/\/icoinformativo.mx\/home\/index.php?rest_route=%2Fwp%2Fv2%2Fcategories&post=30083"},{"taxonomy":"post_tag","embeddable":true,"href":"https:\/\/icoinformativo.mx\/home\/index.php?rest_route=%2Fwp%2Fv2%2Ftags&post=30083"}],"curies":[{"name":"wp","href":"https:\/\/api.w.org\/{rel}","templated":true}]}}