{"id":30080,"date":"2025-01-22T00:43:49","date_gmt":"2025-01-22T00:43:49","guid":{"rendered":"https:\/\/icoinformativo.mx\/home\/?p=30080"},"modified":"2025-01-22T00:43:49","modified_gmt":"2025-01-22T00:43:49","slug":"eduardo-ramirez-y-salomon-jara-unen-fuerzas-por-la-paz-y-la-seguridad-de-chiapas-y-oaxaca","status":"publish","type":"post","link":"https:\/\/icoinformativo.mx\/home\/?p=30080","title":{"rendered":"*Eduardo Ram\u00edrez y Salom\u00f3n Jara unen fuerzas por la paz y la seguridad de Chiapas y Oaxaca*"},"content":{"rendered":"<p>&nbsp;<\/p>\n<p>&#8211; Se firm\u00f3 el Convenio Marco de Coordinaci\u00f3n y Colaboraci\u00f3n Intergubernamental de Acciones en Materia de Seguridad entre Chiapas y Oaxaca<\/p>\n<p>En el municipio de Chahuites, Oaxaca, el gobernador Eduardo Ram\u00edrez Aguilar y su hom\u00f3logo, Salom\u00f3n Jara Cruz, presidieron la Reuni\u00f3n de Coordinaci\u00f3n Interestatal para la Construcci\u00f3n de la Paz y Seguridad en los estados de Oaxaca y Chiapas, reafirmando su compromiso y determinaci\u00f3n de trabajar en unidad para alcanzar la prosperidad compartida, garantizando el bienestar, la paz y el desarrollo de ambas entidades.<\/p>\n<p>Durante el encuentro, donde se firm\u00f3 el Convenio Marco de Coordinaci\u00f3n y Colaboraci\u00f3n Intergubernamental de Acciones en Materia de Seguridad entre Chiapas y Oaxaca, Ram\u00edrez Aguilar destac\u00f3 que este acuerdo marca un precedente importante para fortalecer las estrategias conjuntas contra la incidencia delictiva en carreteras y en otros \u00e1mbitos.<\/p>\n<p>\u00abEste convenio fortalecer\u00e1 las acciones y permitir\u00e1 que las fuerzas de seguridad p\u00fablica de Oaxaca y Chiapas no se vean interrumpidas en nuestros l\u00edmites para concretar los objetivos, esto nos va a dar resultados. Somos los primeros estados que firmamos este convenio en el gobierno de la presidenta Claudia Sheinbaum. Es un buen precedente\u00bb, apunt\u00f3 al reconocer la disposici\u00f3n del Gobierno de Oaxaca.<\/p>\n<p>En la reuni\u00f3n, acompa\u00f1ado de la se\u00f1ora Sof\u00eda Espinoza, Eduardo Ram\u00edrez valor\u00f3 el liderazgo de Salom\u00f3n Jara, asegurando que ambos gobiernos comparten la visi\u00f3n com\u00fan para fortalecer la hermandad y fomentar el desarrollo integral.<\/p>\n<p>Por su parte, el gobernador de Oaxaca, Salom\u00f3n Jara Cruz reconoci\u00f3 los avances alcanzados en Chiapas bajo la gesti\u00f3n de Ram\u00edrez Aguilar, resaltando que en menos de 45 d\u00edas ha logrado disminuir significativamente las incidencias delictivas. Subray\u00f3 que esta colaboraci\u00f3n es fundamental para alcanzar la pacificaci\u00f3n que ambos estados necesitan.<\/p>\n<p>\u201cA nuestros pueblos los une la riqueza cultural, una historia de hermandad y obras de desarrollo, pero tambi\u00e9n enfrentamos, junto con Guerrero, grandes desaf\u00edos como la pobreza y la marginaci\u00f3n. Por eso no podemos descuidar el trabajo de seguridad y de paz\u201d, expres\u00f3 Jara Curz.<\/p>\n<p>El secretario de Seguridad del Pueblo del Gobierno de Chiapas, \u00d3scar Aparicio Avenda\u00f1o, expuso los logros obtenidos con estrategias como el fortalecimiento de los cuerpos de seguridad p\u00fablica, la creaci\u00f3n de la Fuerza de Reacci\u00f3n Inmediata Pakal (FRIP), las tareas de investigaci\u00f3n y la implementaci\u00f3n del Programa Carretera Segura, que han reducido los delitos de alto impacto.<\/p>\n<p>El fiscal general del Estado de Chiapas, Jorge Luis Llaven Abarca, reiter\u00f3 su disposici\u00f3n de mantener una estrecha coordinaci\u00f3n con Oaxaca para combatir el delito y abonar a la paz de ambas entidades. \u201cEstamos uniendo esfuerzos en los trabajos de seguridad por el bien de ambos pueblos\u201d, asegur\u00f3.<\/p>\n<p>El secretario de Gobierno de Oaxaca, Jes\u00fas Romero L\u00f3pez, se\u00f1al\u00f3 que este encuentro es crucial para garantizar la seguridad en estas zonas fronterizas, mientras que el comandante de la 46 Zona Militar, Jaime Enrique F\u00e9lix Jim\u00e9nez enfatiz\u00f3 la importancia de robustecer las estrategias conjuntas para proteger a las comunidades de ambos estados.<\/p>\n<p>Por su parte, el secretario de Seguridad y Protecci\u00f3n Ciudadana de Oaxaca, Iv\u00e1n Garc\u00eda \u00c1lvarez indic\u00f3 que este convenio establece mecanismos claros para compartir informaci\u00f3n, recursos y mejores pr\u00e1cticas impulsando estrategias efectivas en la prevenci\u00f3n e investigaci\u00f3n del delito.<\/p>\n<p>Finalmente, el fiscal general de Oaxaca, Jos\u00e9 Bernardo Rodr\u00edguez Alamilla, destac\u00f3 que con esta estrategia integral y coordinada que combina acciones de prevenci\u00f3n, persecuci\u00f3n y fortalecimiento institucional, y que aborda la pol\u00edtica criminal m\u00e1s all\u00e1 de las fronteras interestatales, se garantiza la protecci\u00f3n y la seguridad p\u00fablica.<\/p>\n<p>Estuvieron presentes, por parte de Chiapas, el presidente del Tribunal Superior de Justicia del Estado, Juan Carlos Moreno Guill\u00e9n; el subjefe operativo de la S\u00e9ptima Regi\u00f3n Militar, Alejandro Alc\u00e1ntara \u00c1vila; la secretaria general de Gobierno y Mediaci\u00f3n, Patricia del Carmen Conde Ruiz; la secretaria t\u00e9cnica de la Mesa de Construcci\u00f3n de Paz y Seguridad, Mar\u00eda Baldramina Zepeda Melgar; y el titular del Instituto de la Consejer\u00eda Jur\u00eddica, Guillermo Nieto Arreola.<\/p>\n<p>Por parte de Oaxaca, el secretario t\u00e9cnico de la Coordinaci\u00f3n Estatal para la Construcci\u00f3n de la Paz y la Seguridad, Gilberto L\u00f3pez Jim\u00e9nez; el comisionado de la Polic\u00eda Estatal, Pl\u00e1cido Jarqu\u00edn; la secretaria ejecutiva del Sistema Estatal de Seguridad P\u00fablica, Karina Bar\u00f3n Ortiz; el comandante del 24 Batall\u00f3n de Guardia Nacional en Oaxaca, V\u00edctor Manuel Mart\u00ednez Morales; el jefe de Estado Mayor de la D\u00e9cima Regi\u00f3n Naval de la Secretar\u00eda de Marina, Carlos Jim\u00e9nez Leal; el fiscal federal en el estado de Oaxaca, Jaime Porfirio Garc\u00eda Belio y el alcalde de Chahuites, Rosell Castillo Mart\u00ednez.<\/p>\n<p>De manera virtual, el fiscal federal en Chiapas, Alejandro Vila Ch\u00e1vez; el jefe de Estaci\u00f3n del Centro Nacional de Inteligencia en Chiapas, Francisco Nava Cuajicalco; el representante de la Coordinaci\u00f3n de la Guardia Nacional en Chiapas, Pablo Urban L\u00f3pez; el comandante de la 22 Zona Naval, Felipe de Jes\u00fas Santill\u00e1n Murillo y los representantes de la 31 Zona Naval Militar, Everardo Osorio V\u00e9lez; de la 36 Zona Militar, Alejandro F\u00e9lix Barretero; de la 38 Zona Militar, Witman P\u00e9rez Cuevas y de la 39 Zona Militar, Cristian Le\u00f3n Borja.<\/p>\n","protected":false},"excerpt":{"rendered":"<p>&nbsp; &#8211; Se firm\u00f3 el Convenio Marco de Coordinaci\u00f3n y Colaboraci\u00f3n Intergubernamental de Acciones en&#8230;<\/p>\n","protected":false},"author":2,"featured_media":30081,"comment_status":"closed","ping_status":"closed","sticky":false,"template":"","format":"standard","meta":{"_joinchat":[],"footnotes":""},"categories":[18,1,2,3],"tags":[],"class_list":["post-30080","post","type-post","status-publish","format-standard","has-post-thumbnail","hentry","category-almomento","category-boletin","category-estado","category-health"],"_links":{"self":[{"href":"https:\/\/icoinformativo.mx\/home\/index.php?rest_route=\/wp\/v2\/posts\/30080","targetHints":{"allow":["GET"]}}],"collection":[{"href":"https:\/\/icoinformativo.mx\/home\/index.php?rest_route=\/wp\/v2\/posts"}],"about":[{"href":"https:\/\/icoinformativo.mx\/home\/index.php?rest_route=\/wp\/v2\/types\/post"}],"author":[{"embeddable":true,"href":"https:\/\/icoinformativo.mx\/home\/index.php?rest_route=\/wp\/v2\/users\/2"}],"replies":[{"embeddable":true,"href":"https:\/\/icoinformativo.mx\/home\/index.php?rest_route=%2Fwp%2Fv2%2Fcomments&post=30080"}],"version-history":[{"count":1,"href":"https:\/\/icoinformativo.mx\/home\/index.php?rest_route=\/wp\/v2\/posts\/30080\/revisions"}],"predecessor-version":[{"id":30082,"href":"https:\/\/icoinformativo.mx\/home\/index.php?rest_route=\/wp\/v2\/posts\/30080\/revisions\/30082"}],"wp:featuredmedia":[{"embeddable":true,"href":"https:\/\/icoinformativo.mx\/home\/index.php?rest_route=\/wp\/v2\/media\/30081"}],"wp:attachment":[{"href":"https:\/\/icoinformativo.mx\/home\/index.php?rest_route=%2Fwp%2Fv2%2Fmedia&parent=30080"}],"wp:term":[{"taxonomy":"category","embeddable":true,"href":"https:\/\/icoinformativo.mx\/home\/index.php?rest_route=%2Fwp%2Fv2%2Fcategories&post=30080"},{"taxonomy":"post_tag","embeddable":true,"href":"https:\/\/icoinformativo.mx\/home\/index.php?rest_route=%2Fwp%2Fv2%2Ftags&post=30080"}],"curies":[{"name":"wp","href":"https:\/\/api.w.org\/{rel}","templated":true}]}}