{"id":30077,"date":"2025-01-22T00:38:51","date_gmt":"2025-01-22T00:38:51","guid":{"rendered":"https:\/\/icoinformativo.mx\/home\/?p=30077"},"modified":"2025-01-22T00:38:51","modified_gmt":"2025-01-22T00:38:51","slug":"presentan-convocatoria-para-integrar-el-parlamento-juvenil-2025","status":"publish","type":"post","link":"https:\/\/icoinformativo.mx\/home\/?p=30077","title":{"rendered":"*Presentan convocatoria para integrar el Parlamento Juvenil 2025*"},"content":{"rendered":"<p>&nbsp;<\/p>\n<p>-El acto ciudadano est\u00e1 previsto a realizarse el 28 de febrero.<\/p>\n<p>&nbsp;<\/p>\n<p>Tuxtla Guti\u00e9rrez, Chiapas a 21 de enero de 2025.- La diputada Ana Mar\u00eda Sol\u00eds Ruiz, presidenta de la Comisi\u00f3n de Juventud y Deporte en el Congreso del Estado, present\u00f3 la convocatoria para todas y todos aquellos interesados en integrar el Parlamento Juvenil 2025.<\/p>\n<p>&nbsp;<\/p>\n<p>La finalidad es generar espacios de expresi\u00f3n juvenil, promover la participaci\u00f3n social y pol\u00edtica de las juventudes en temas de inter\u00e9s con incidencia en materia legislativa, ajust\u00e1ndose a la realidad chiapaneca.<\/p>\n<p>&nbsp;<\/p>\n<p>Los temas centrales a debatir en este parlamento, inform\u00f3 la diputada Sol\u00eds Ruiz, ser\u00e1n fomentar la participaci\u00f3n escolar, ampliar la cobertura educativa en Chiapas. As\u00ed como temas en equidad y g\u00e9nero, ecolog\u00eda y cambio clim\u00e1tico, derechos humanos, ciencia y tecnolog\u00eda, promoci\u00f3n comercial y fomento a la inversi\u00f3n.<\/p>\n<p>&nbsp;<\/p>\n<p>As\u00ed tambi\u00e9n, los temas de trabajo y prevenci\u00f3n social, atenci\u00f3n a grupos vulnerables, pueblos y comunidades ind\u00edgenas; el fortalecimiento de la seguridad p\u00fablica en el estado; as\u00ed como la protecci\u00f3n de cuerpos acu\u00edferos en Chiapas; el acceso de la justicia con perspectiva de g\u00e9nero inclusiva.<\/p>\n<p>&nbsp;<\/p>\n<p>La convocatoria est\u00e1 dirigida a j\u00f3venes entre 16 y 29 a\u00f1os originarios o residentes de Chiapas. Las bancadas ser\u00e1n integradas bajo principios de representatividad y paridad de g\u00e9nero, las y los participantes deber\u00e1n prepararse en argumentaci\u00f3n clara y fundamentada. El parlamento est\u00e1 previsto a realizarse el 28 de febrero.<\/p>\n","protected":false},"excerpt":{"rendered":"<p>&nbsp; -El acto ciudadano est\u00e1 previsto a realizarse el 28 de febrero. &nbsp; Tuxtla Guti\u00e9rrez,&#8230;<\/p>\n","protected":false},"author":2,"featured_media":30078,"comment_status":"closed","ping_status":"closed","sticky":false,"template":"","format":"standard","meta":{"_joinchat":[],"footnotes":""},"categories":[18,1,2,3],"tags":[],"class_list":["post-30077","post","type-post","status-publish","format-standard","has-post-thumbnail","hentry","category-almomento","category-boletin","category-estado","category-health"],"_links":{"self":[{"href":"https:\/\/icoinformativo.mx\/home\/index.php?rest_route=\/wp\/v2\/posts\/30077","targetHints":{"allow":["GET"]}}],"collection":[{"href":"https:\/\/icoinformativo.mx\/home\/index.php?rest_route=\/wp\/v2\/posts"}],"about":[{"href":"https:\/\/icoinformativo.mx\/home\/index.php?rest_route=\/wp\/v2\/types\/post"}],"author":[{"embeddable":true,"href":"https:\/\/icoinformativo.mx\/home\/index.php?rest_route=\/wp\/v2\/users\/2"}],"replies":[{"embeddable":true,"href":"https:\/\/icoinformativo.mx\/home\/index.php?rest_route=%2Fwp%2Fv2%2Fcomments&post=30077"}],"version-history":[{"count":1,"href":"https:\/\/icoinformativo.mx\/home\/index.php?rest_route=\/wp\/v2\/posts\/30077\/revisions"}],"predecessor-version":[{"id":30079,"href":"https:\/\/icoinformativo.mx\/home\/index.php?rest_route=\/wp\/v2\/posts\/30077\/revisions\/30079"}],"wp:featuredmedia":[{"embeddable":true,"href":"https:\/\/icoinformativo.mx\/home\/index.php?rest_route=\/wp\/v2\/media\/30078"}],"wp:attachment":[{"href":"https:\/\/icoinformativo.mx\/home\/index.php?rest_route=%2Fwp%2Fv2%2Fmedia&parent=30077"}],"wp:term":[{"taxonomy":"category","embeddable":true,"href":"https:\/\/icoinformativo.mx\/home\/index.php?rest_route=%2Fwp%2Fv2%2Fcategories&post=30077"},{"taxonomy":"post_tag","embeddable":true,"href":"https:\/\/icoinformativo.mx\/home\/index.php?rest_route=%2Fwp%2Fv2%2Ftags&post=30077"}],"curies":[{"name":"wp","href":"https:\/\/api.w.org\/{rel}","templated":true}]}}