{"id":30073,"date":"2025-01-21T03:56:13","date_gmt":"2025-01-21T03:56:13","guid":{"rendered":"https:\/\/icoinformativo.mx\/home\/?p=30073"},"modified":"2025-01-21T03:56:13","modified_gmt":"2025-01-21T03:56:13","slug":"trabajo-y-compromiso-mensaje-del-gobierno-de-chilon","status":"publish","type":"post","link":"https:\/\/icoinformativo.mx\/home\/?p=30073","title":{"rendered":"Trabajo y compromiso: mensaje del gobierno de Chil\u00f3n"},"content":{"rendered":"<p>&nbsp;<\/p>\n<p>Este 20 de enero, en representaci\u00f3n del alcalde de Chil\u00f3n, Prof. Mario Hern\u00e1ndez Aguilar, el secretario del H. Ayuntamiento, C. Juan Sol\u00f3rzano M\u00e9ndez, encabez\u00f3 los tradicionales honores a la bandera, reafirmando el compromiso del gobierno municipal con los valores c\u00edvicos y la cercan\u00eda con la poblaci\u00f3n.<\/p>\n<p>&nbsp;<\/p>\n<p>Durante su mensaje, Sol\u00f3rzano M\u00e9ndez resalt\u00f3 las principales directrices del presidente municipal, invitando a las y los trabajadores del ayuntamiento a mantener un trabajo decidido y comprometido para el beneficio social. Asimismo, expres\u00f3 un caluroso saludo del alcalde a toda la ciudadan\u00eda, deseando una semana productiva para los habitantes del municipio.<\/p>\n<p>&nbsp;<\/p>\n<p>En el evento tambi\u00e9n estuvo presente el coordinador de Educaci\u00f3n, Fernando Guti\u00e9rrez Moreno, quien estuvo a cargo de dirigir el acto c\u00edvico, demostrando el compromiso del \u00e1rea educativa con el fortalecimiento de los valores y la identidad en el municipio.<\/p>\n<p>&nbsp;<\/p>\n<p>Con estas acciones, el gobierno de Chil\u00f3n fortalece los lazos con la comunidad y reafirma su enfoque en la transformaci\u00f3n y el bienestar del municipio.<\/p>\n<p>&nbsp;<\/p>\n<p>#Chil\u00f3nSomosTodos<\/p>\n","protected":false},"excerpt":{"rendered":"<p>&nbsp; Este 20 de enero, en representaci\u00f3n del alcalde de Chil\u00f3n, Prof. Mario Hern\u00e1ndez Aguilar,&#8230;<\/p>\n","protected":false},"author":2,"featured_media":30074,"comment_status":"closed","ping_status":"closed","sticky":false,"template":"","format":"standard","meta":{"_joinchat":[],"footnotes":""},"categories":[18,1,2,3],"tags":[],"class_list":["post-30073","post","type-post","status-publish","format-standard","has-post-thumbnail","hentry","category-almomento","category-boletin","category-estado","category-health"],"_links":{"self":[{"href":"https:\/\/icoinformativo.mx\/home\/index.php?rest_route=\/wp\/v2\/posts\/30073","targetHints":{"allow":["GET"]}}],"collection":[{"href":"https:\/\/icoinformativo.mx\/home\/index.php?rest_route=\/wp\/v2\/posts"}],"about":[{"href":"https:\/\/icoinformativo.mx\/home\/index.php?rest_route=\/wp\/v2\/types\/post"}],"author":[{"embeddable":true,"href":"https:\/\/icoinformativo.mx\/home\/index.php?rest_route=\/wp\/v2\/users\/2"}],"replies":[{"embeddable":true,"href":"https:\/\/icoinformativo.mx\/home\/index.php?rest_route=%2Fwp%2Fv2%2Fcomments&post=30073"}],"version-history":[{"count":1,"href":"https:\/\/icoinformativo.mx\/home\/index.php?rest_route=\/wp\/v2\/posts\/30073\/revisions"}],"predecessor-version":[{"id":30075,"href":"https:\/\/icoinformativo.mx\/home\/index.php?rest_route=\/wp\/v2\/posts\/30073\/revisions\/30075"}],"wp:featuredmedia":[{"embeddable":true,"href":"https:\/\/icoinformativo.mx\/home\/index.php?rest_route=\/wp\/v2\/media\/30074"}],"wp:attachment":[{"href":"https:\/\/icoinformativo.mx\/home\/index.php?rest_route=%2Fwp%2Fv2%2Fmedia&parent=30073"}],"wp:term":[{"taxonomy":"category","embeddable":true,"href":"https:\/\/icoinformativo.mx\/home\/index.php?rest_route=%2Fwp%2Fv2%2Fcategories&post=30073"},{"taxonomy":"post_tag","embeddable":true,"href":"https:\/\/icoinformativo.mx\/home\/index.php?rest_route=%2Fwp%2Fv2%2Ftags&post=30073"}],"curies":[{"name":"wp","href":"https:\/\/api.w.org\/{rel}","templated":true}]}}