{"id":30070,"date":"2025-01-21T03:53:39","date_gmt":"2025-01-21T03:53:39","guid":{"rendered":"https:\/\/icoinformativo.mx\/home\/?p=30070"},"modified":"2025-01-21T03:53:39","modified_gmt":"2025-01-21T03:53:39","slug":"chilon-fortalece-su-compromiso-en-salud-con-la-red-regional-xii-selva-lacandona","status":"publish","type":"post","link":"https:\/\/icoinformativo.mx\/home\/?p=30070","title":{"rendered":"Chil\u00f3n fortalece su compromiso en salud con la Red Regional XII Selva Lacandona"},"content":{"rendered":"<p>&nbsp;<\/p>\n<p>En un acto que marca un punto y aparte en la coordinaci\u00f3n intermunicipal, se llev\u00f3 a cabo la instalaci\u00f3n y toma de protesta de la Red Regional de Municipios por la Salud XII Selva Lacandona para el periodo 2024-2027. Durante el evento, el Prof. Mario Hern\u00e1ndez Aguilar, alcalde de Chil\u00f3n, asumi\u00f3 el cargo de vicepresidente de la red, reafirmando su compromiso con el fortalecimiento de la salud en la regi\u00f3n. La red qued\u00f3 conformada por la Dra. Ang\u00e9lica M\u00e9ndez Cruz, presidenta municipal de Ocosingo, como presidenta de la red; el Prof. Mario Hern\u00e1ndez Aguilar como vicepresidente; la presidenta municipal de Sital\u00e1; Guadalupe Deara Lopez, como secretaria de acuerdos; Secretaria T\u00e9cnica , Dra. Angelita Yesenia G\u00f3mez Gallardo; Gaspar Santiz, alcalde de Altamirano, como vocal.<\/p>\n<p>&nbsp;<\/p>\n<p>El Prof. Mario Hern\u00e1ndez Aguilar destac\u00f3 la importancia de trabajar de manera coordinada entre los municipios y las autoridades estatales y federales, subrayando que el acceso a la salud es un derecho humano fundamental. En su intervenci\u00f3n, inst\u00f3 a los integrantes de la red a actuar con decisi\u00f3n y compromiso, se\u00f1alando que solo a trav\u00e9s de esfuerzos conjuntos se podr\u00e1n superar los desaf\u00edos en materia de salud que enfrenta la regi\u00f3n Selva Lacandona.<\/p>\n<p>&nbsp;<\/p>\n<p>El presidente municipal de Chil\u00f3n, Prof. Mario Hern\u00e1ndez Aguilar respalda decididamente la gesti\u00f3n de un hospital general en Ocosingo, un proyecto que -asegura- beneficiar\u00e1 no solo a este municipio, sino tambi\u00e9n a comunidades vecinas como Chil\u00f3n, Sital\u00e1 y Altamirano. Este esfuerzo responde a la urgente necesidad de contar con una infraestructura m\u00e9dica adecuada que garantice atenci\u00f3n de calidad para las familias de la regi\u00f3n.<\/p>\n<p>&nbsp;<\/p>\n<p>La red tambi\u00e9n trabajar\u00e1 en el fortalecimiento de casas de salud, dot\u00e1ndolas de medicamentos y personal capacitado, adem\u00e1s de promover campa\u00f1as de prevenci\u00f3n y promoci\u00f3n de estilos de vida saludables. En este sentido, el Prof. Mario Hern\u00e1ndez Aguilar reiter\u00f3 su disposici\u00f3n para coadyuvar en la implementaci\u00f3n de programas de salud y generar beneficios palpables para las comunidades m\u00e1s vulnerables.<\/p>\n<p>&nbsp;<\/p>\n<p>Al concluir el evento, los integrantes de la red realizaron la toma de protesta oficial, consolidando el inicio de un trabajo colaborativo que busca transformar la atenci\u00f3n en salud en la regi\u00f3n. Con el liderazgo del Prof. Mario Hern\u00e1ndez Aguilar y los dem\u00e1s miembros de la red, se espera avanzar en el cumplimiento de este compromiso prioritario para la poblaci\u00f3n.<\/p>\n<p>&nbsp;<\/p>\n<p>#Salud #Chil\u00f3nSomosTodos<\/p>\n","protected":false},"excerpt":{"rendered":"<p>&nbsp; En un acto que marca un punto y aparte en la coordinaci\u00f3n intermunicipal, se&#8230;<\/p>\n","protected":false},"author":2,"featured_media":30071,"comment_status":"closed","ping_status":"closed","sticky":false,"template":"","format":"standard","meta":{"_joinchat":[],"footnotes":""},"categories":[18,1,2,3],"tags":[],"class_list":["post-30070","post","type-post","status-publish","format-standard","has-post-thumbnail","hentry","category-almomento","category-boletin","category-estado","category-health"],"_links":{"self":[{"href":"https:\/\/icoinformativo.mx\/home\/index.php?rest_route=\/wp\/v2\/posts\/30070","targetHints":{"allow":["GET"]}}],"collection":[{"href":"https:\/\/icoinformativo.mx\/home\/index.php?rest_route=\/wp\/v2\/posts"}],"about":[{"href":"https:\/\/icoinformativo.mx\/home\/index.php?rest_route=\/wp\/v2\/types\/post"}],"author":[{"embeddable":true,"href":"https:\/\/icoinformativo.mx\/home\/index.php?rest_route=\/wp\/v2\/users\/2"}],"replies":[{"embeddable":true,"href":"https:\/\/icoinformativo.mx\/home\/index.php?rest_route=%2Fwp%2Fv2%2Fcomments&post=30070"}],"version-history":[{"count":1,"href":"https:\/\/icoinformativo.mx\/home\/index.php?rest_route=\/wp\/v2\/posts\/30070\/revisions"}],"predecessor-version":[{"id":30072,"href":"https:\/\/icoinformativo.mx\/home\/index.php?rest_route=\/wp\/v2\/posts\/30070\/revisions\/30072"}],"wp:featuredmedia":[{"embeddable":true,"href":"https:\/\/icoinformativo.mx\/home\/index.php?rest_route=\/wp\/v2\/media\/30071"}],"wp:attachment":[{"href":"https:\/\/icoinformativo.mx\/home\/index.php?rest_route=%2Fwp%2Fv2%2Fmedia&parent=30070"}],"wp:term":[{"taxonomy":"category","embeddable":true,"href":"https:\/\/icoinformativo.mx\/home\/index.php?rest_route=%2Fwp%2Fv2%2Fcategories&post=30070"},{"taxonomy":"post_tag","embeddable":true,"href":"https:\/\/icoinformativo.mx\/home\/index.php?rest_route=%2Fwp%2Fv2%2Ftags&post=30070"}],"curies":[{"name":"wp","href":"https:\/\/api.w.org\/{rel}","templated":true}]}}