{"id":30067,"date":"2025-01-21T03:44:01","date_gmt":"2025-01-21T03:44:01","guid":{"rendered":"https:\/\/icoinformativo.mx\/home\/?p=30067"},"modified":"2025-01-21T03:44:26","modified_gmt":"2025-01-21T03:44:26","slug":"ayuntamiento-de-pichucalco-entrega-uniformes-a-policias-transito-y-vialidad-y-proteccion-civil","status":"publish","type":"post","link":"https:\/\/icoinformativo.mx\/home\/?p=30067","title":{"rendered":"Ayuntamiento de Pichucalco entrega uniformes a Polic\u00edas, tr\u00e1nsito y vialidad y Protecci\u00f3n Civil"},"content":{"rendered":"<p>El gobierno municipal de Pichucalco, que preside el maestro Andr\u00e9s Carballo C\u00f3rdova, ha realizado la entrega de uniformes a los elementos de seguridad p\u00fablica, tr\u00e1nsito y vialidad municipal, y protecci\u00f3n civil.<\/p>\n<p>&nbsp;<\/p>\n<p>En su discurso, el maestro Carballo C\u00f3rdova enfatiz\u00f3 que estas acciones dignifican a las corporaciones que trabajan por el bienestar de la ciudadan\u00eda y contribuyen al seguimiento de las pol\u00edticas p\u00fablicas del Gobernador Eduardo Ram\u00edrez.<\/p>\n<p>&nbsp;<\/p>\n<p>El evento cont\u00f3 con la presencia de destacados funcionarios, entre ellos el Lic. Mateo Trinidad Moreno Estrada, delegado regional del secretariado ejecutivo del sistema estatal de seguridad p\u00fablica zona norte; el Lic. Francisco Jos\u00e9 Velasco Cantoral, delegado regional de protecci\u00f3n civil zona norte; el Lic. Francisco \u00c1lvarez Sanenn, subsecretario de gobierno zona norte; el Lic. Jos\u00e9 Alejandro Ram\u00edrez Narez, encargado de seguridad p\u00fablica municipal; el C. Javier Eduardo \u00c1lvarez Torres, secretario de protecci\u00f3n civil municipal; el C. Jes\u00fas V\u00e1zquez Roque, coordinador de tr\u00e1nsito y vialidad municipal; la s\u00edndico municipal Elvira Gonz\u00e1lez Hern\u00e1ndez; y los regidores Genoveva del Carmen Cruz Morales, Heber Isa\u00ed L\u00f3pez S\u00e1nchez y Jos\u00e9 Atila L\u00f3pez Quiroli.<\/p>\n<p>&nbsp;<\/p>\n<p>\u00a1Acciones que Contribuyen al Cambio\u00a1<\/p>\n","protected":false},"excerpt":{"rendered":"<p>El gobierno municipal de Pichucalco, que preside el maestro Andr\u00e9s Carballo C\u00f3rdova, ha realizado la&#8230;<\/p>\n","protected":false},"author":2,"featured_media":30068,"comment_status":"closed","ping_status":"closed","sticky":false,"template":"","format":"standard","meta":{"_joinchat":[],"footnotes":""},"categories":[18,1,2,3],"tags":[],"class_list":["post-30067","post","type-post","status-publish","format-standard","has-post-thumbnail","hentry","category-almomento","category-boletin","category-estado","category-health"],"_links":{"self":[{"href":"https:\/\/icoinformativo.mx\/home\/index.php?rest_route=\/wp\/v2\/posts\/30067","targetHints":{"allow":["GET"]}}],"collection":[{"href":"https:\/\/icoinformativo.mx\/home\/index.php?rest_route=\/wp\/v2\/posts"}],"about":[{"href":"https:\/\/icoinformativo.mx\/home\/index.php?rest_route=\/wp\/v2\/types\/post"}],"author":[{"embeddable":true,"href":"https:\/\/icoinformativo.mx\/home\/index.php?rest_route=\/wp\/v2\/users\/2"}],"replies":[{"embeddable":true,"href":"https:\/\/icoinformativo.mx\/home\/index.php?rest_route=%2Fwp%2Fv2%2Fcomments&post=30067"}],"version-history":[{"count":1,"href":"https:\/\/icoinformativo.mx\/home\/index.php?rest_route=\/wp\/v2\/posts\/30067\/revisions"}],"predecessor-version":[{"id":30069,"href":"https:\/\/icoinformativo.mx\/home\/index.php?rest_route=\/wp\/v2\/posts\/30067\/revisions\/30069"}],"wp:featuredmedia":[{"embeddable":true,"href":"https:\/\/icoinformativo.mx\/home\/index.php?rest_route=\/wp\/v2\/media\/30068"}],"wp:attachment":[{"href":"https:\/\/icoinformativo.mx\/home\/index.php?rest_route=%2Fwp%2Fv2%2Fmedia&parent=30067"}],"wp:term":[{"taxonomy":"category","embeddable":true,"href":"https:\/\/icoinformativo.mx\/home\/index.php?rest_route=%2Fwp%2Fv2%2Fcategories&post=30067"},{"taxonomy":"post_tag","embeddable":true,"href":"https:\/\/icoinformativo.mx\/home\/index.php?rest_route=%2Fwp%2Fv2%2Ftags&post=30067"}],"curies":[{"name":"wp","href":"https:\/\/api.w.org\/{rel}","templated":true}]}}