{"id":30061,"date":"2025-01-21T03:31:30","date_gmt":"2025-01-21T03:31:30","guid":{"rendered":"https:\/\/icoinformativo.mx\/home\/?p=30061"},"modified":"2025-01-21T03:31:30","modified_gmt":"2025-01-21T03:31:30","slug":"avanza-pavimentacion-del-boulevard-de-la-colonia-gabriel-gutierrez-zepeda-angel-torres","status":"publish","type":"post","link":"https:\/\/icoinformativo.mx\/home\/?p=30061","title":{"rendered":"*Avanza pavimentaci\u00f3n del Boulevard de la colonia Gabriel Guti\u00e9rrez Zepeda: Angel Torres*"},"content":{"rendered":"<p>&nbsp;<\/p>\n<p>\u2022 El alcalde capitalino destac\u00f3 que con esta obra se cumplir\u00e1 una demanda de hace m\u00e1s de 20 a\u00f1os<\/p>\n<p>&nbsp;<\/p>\n<p>Pronto tendremos un boulevard nuevo y digno, tal como lo esper\u00e1bamos desde hace 20 a\u00f1os, comentaron las y los vecinos de la colonia Gabriel Guti\u00e9rrez quienes acompa\u00f1aron al presidente municipal de Tuxtla Guti\u00e9rrez, Angel Torres, en un recorrido de supervisi\u00f3n de la obra.<\/p>\n<p>&nbsp;<\/p>\n<p>Al se\u00f1alar que ser\u00e1 una vialidad de m\u00e1s de 200 metros lineales con concreto hidr\u00e1ulico, jardineras, guarniciones, banquetas, luminarias, as\u00ed como con red de agua potable y drenaje sanitario, el alcalde destac\u00f3 que esta obra forma parte de las l\u00edneas de acci\u00f3n del Plan Tuxtla 4T.<\/p>\n<p>&nbsp;<\/p>\n<p>Adem\u00e1s de mejorar la conectividad con colonias de la zona, los vecinos comentaron que beneficiar\u00e1 a ni\u00f1as y ni\u00f1os que van a la escuela, a hombres y mujeres que van a su centro de trabajo, pero sobre todo, a personas adultas mayores que caminan por este boulevard y que antes, dijeron, era intransitable.<\/p>\n","protected":false},"excerpt":{"rendered":"<p>&nbsp; \u2022 El alcalde capitalino destac\u00f3 que con esta obra se cumplir\u00e1 una demanda de&#8230;<\/p>\n","protected":false},"author":2,"featured_media":30062,"comment_status":"closed","ping_status":"closed","sticky":false,"template":"","format":"standard","meta":{"_joinchat":[],"footnotes":""},"categories":[18,1,2,3],"tags":[],"class_list":["post-30061","post","type-post","status-publish","format-standard","has-post-thumbnail","hentry","category-almomento","category-boletin","category-estado","category-health"],"_links":{"self":[{"href":"https:\/\/icoinformativo.mx\/home\/index.php?rest_route=\/wp\/v2\/posts\/30061","targetHints":{"allow":["GET"]}}],"collection":[{"href":"https:\/\/icoinformativo.mx\/home\/index.php?rest_route=\/wp\/v2\/posts"}],"about":[{"href":"https:\/\/icoinformativo.mx\/home\/index.php?rest_route=\/wp\/v2\/types\/post"}],"author":[{"embeddable":true,"href":"https:\/\/icoinformativo.mx\/home\/index.php?rest_route=\/wp\/v2\/users\/2"}],"replies":[{"embeddable":true,"href":"https:\/\/icoinformativo.mx\/home\/index.php?rest_route=%2Fwp%2Fv2%2Fcomments&post=30061"}],"version-history":[{"count":1,"href":"https:\/\/icoinformativo.mx\/home\/index.php?rest_route=\/wp\/v2\/posts\/30061\/revisions"}],"predecessor-version":[{"id":30063,"href":"https:\/\/icoinformativo.mx\/home\/index.php?rest_route=\/wp\/v2\/posts\/30061\/revisions\/30063"}],"wp:featuredmedia":[{"embeddable":true,"href":"https:\/\/icoinformativo.mx\/home\/index.php?rest_route=\/wp\/v2\/media\/30062"}],"wp:attachment":[{"href":"https:\/\/icoinformativo.mx\/home\/index.php?rest_route=%2Fwp%2Fv2%2Fmedia&parent=30061"}],"wp:term":[{"taxonomy":"category","embeddable":true,"href":"https:\/\/icoinformativo.mx\/home\/index.php?rest_route=%2Fwp%2Fv2%2Fcategories&post=30061"},{"taxonomy":"post_tag","embeddable":true,"href":"https:\/\/icoinformativo.mx\/home\/index.php?rest_route=%2Fwp%2Fv2%2Ftags&post=30061"}],"curies":[{"name":"wp","href":"https:\/\/api.w.org\/{rel}","templated":true}]}}