{"id":30052,"date":"2025-01-21T03:22:53","date_gmt":"2025-01-21T03:22:53","guid":{"rendered":"https:\/\/icoinformativo.mx\/home\/?p=30052"},"modified":"2025-01-21T03:22:53","modified_gmt":"2025-01-21T03:22:53","slug":"director-del-instituto-del-deporte-corta-liston-inaugural-del-auditorio-municipal-de-huixtla","status":"publish","type":"post","link":"https:\/\/icoinformativo.mx\/home\/?p=30052","title":{"rendered":"Director del Instituto del Deporte corta list\u00f3n inaugural del Auditorio Municipal de Huixtla"},"content":{"rendered":"<p>&nbsp;<\/p>\n<p>\u00b7 Adona\u00ed S\u00e1nchez Osorio encabez\u00f3 la ceremonia junto al edil R\u00e9gulo Palomeque S\u00e1nchez<\/p>\n<p>&nbsp;<\/p>\n<p>El director general del Instituto del Deporte (Indeporte), Adona\u00ed S\u00e1nchez Osorio, encabez\u00f3 el corte de list\u00f3n del Auditorio Municipal de Huixtla \u00abJuan Sabines\u00bb junto al presidente municipal, R\u00e9gulo Palomeque S\u00e1nchez.<\/p>\n<p>&nbsp;<\/p>\n<p>La ceremonia, llevada a cabo el pasado fin de semana, convoc\u00f3 a autoridades, atletas, madres y padres de familia, y ciudadan\u00eda en general, en el emblem\u00e1tico inmueble.<\/p>\n<p>&nbsp;<\/p>\n<p>En su discurso, el titular del Indeporte indic\u00f3 que, con la importante rehabilitaci\u00f3n del Auditorio Municipal se motiva a ni\u00f1as y ni\u00f1os de Huixtla a unirse a la liga local y ejercitarse.<\/p>\n<p>&nbsp;<\/p>\n<p>Indic\u00f3 que en la Nueva ERA del deporte se trabajar\u00e1 de manera cercana con las asociaciones de basquetbol y voleibol, semilleros del deporte chiapaneco.<\/p>\n<p>&nbsp;<\/p>\n<p>\u201cJunto con el presidente municipal R\u00e9gulo Palomeque, estamos en pl\u00e1ticas para que otros apoyos se pueden otorgar al deporte huixtleco\u201d, mencion\u00f3.<\/p>\n<p>&nbsp;<\/p>\n<p>Record\u00f3 que los deportistas de Huixtla tienen un gran aliado, ya que el gobernador Eduardo Ram\u00edrez Aguilar le ha mostrado su inter\u00e9s por remodelar y rehabilitar cada cancha, unidad deportiva y auditorio municipal del estado para la masificaci\u00f3n del deporte.<\/p>\n<p>&nbsp;<\/p>\n<p>A la ceremonia asistieron tambi\u00e9n, el presidente del comit\u00e9 comunitario, Leonel Enrique V\u00e1zquez Mart\u00ednez; Diani Rub\u00ed, secretario; Gabriela Ozuna, tesorera; C\u00e9sar Ortiz, vocal 1 y Emmanuel Cervantes, vocal 2.<\/p>\n","protected":false},"excerpt":{"rendered":"<p>&nbsp; \u00b7 Adona\u00ed S\u00e1nchez Osorio encabez\u00f3 la ceremonia junto al edil R\u00e9gulo Palomeque S\u00e1nchez &nbsp;&#8230;<\/p>\n","protected":false},"author":2,"featured_media":30053,"comment_status":"closed","ping_status":"closed","sticky":false,"template":"","format":"standard","meta":{"_joinchat":[],"footnotes":""},"categories":[18,1,2,3],"tags":[],"class_list":["post-30052","post","type-post","status-publish","format-standard","has-post-thumbnail","hentry","category-almomento","category-boletin","category-estado","category-health"],"_links":{"self":[{"href":"https:\/\/icoinformativo.mx\/home\/index.php?rest_route=\/wp\/v2\/posts\/30052","targetHints":{"allow":["GET"]}}],"collection":[{"href":"https:\/\/icoinformativo.mx\/home\/index.php?rest_route=\/wp\/v2\/posts"}],"about":[{"href":"https:\/\/icoinformativo.mx\/home\/index.php?rest_route=\/wp\/v2\/types\/post"}],"author":[{"embeddable":true,"href":"https:\/\/icoinformativo.mx\/home\/index.php?rest_route=\/wp\/v2\/users\/2"}],"replies":[{"embeddable":true,"href":"https:\/\/icoinformativo.mx\/home\/index.php?rest_route=%2Fwp%2Fv2%2Fcomments&post=30052"}],"version-history":[{"count":1,"href":"https:\/\/icoinformativo.mx\/home\/index.php?rest_route=\/wp\/v2\/posts\/30052\/revisions"}],"predecessor-version":[{"id":30054,"href":"https:\/\/icoinformativo.mx\/home\/index.php?rest_route=\/wp\/v2\/posts\/30052\/revisions\/30054"}],"wp:featuredmedia":[{"embeddable":true,"href":"https:\/\/icoinformativo.mx\/home\/index.php?rest_route=\/wp\/v2\/media\/30053"}],"wp:attachment":[{"href":"https:\/\/icoinformativo.mx\/home\/index.php?rest_route=%2Fwp%2Fv2%2Fmedia&parent=30052"}],"wp:term":[{"taxonomy":"category","embeddable":true,"href":"https:\/\/icoinformativo.mx\/home\/index.php?rest_route=%2Fwp%2Fv2%2Fcategories&post=30052"},{"taxonomy":"post_tag","embeddable":true,"href":"https:\/\/icoinformativo.mx\/home\/index.php?rest_route=%2Fwp%2Fv2%2Ftags&post=30052"}],"curies":[{"name":"wp","href":"https:\/\/api.w.org\/{rel}","templated":true}]}}