{"id":30043,"date":"2025-01-21T02:43:04","date_gmt":"2025-01-21T02:43:04","guid":{"rendered":"https:\/\/icoinformativo.mx\/home\/?p=30043"},"modified":"2025-01-21T02:43:04","modified_gmt":"2025-01-21T02:43:04","slug":"pedro-aldecoa-hernandez-entrega-nombramiento-a-mateo-moreno-estrada-como-delegado-de-la-sesesp-en-la-region-norte","status":"publish","type":"post","link":"https:\/\/icoinformativo.mx\/home\/?p=30043","title":{"rendered":"Pedro Aldecoa Hernandez entrega nombramiento a Mateo Moreno Estrada como delegado de la SESESP en la regi\u00f3n norte"},"content":{"rendered":"<p>Mateo Trinidad Moreno Estrada ha sido nombrado delegado del Secretariado Ejecutivo del Sistema Estatal de Seguridad P\u00fablica en la Regi\u00f3n V Norte. Durante la ceremonia de nombramiento, Pedro Aldecoa Hernandez, coordinador de delegados de SESESP, le entreg\u00f3 el cargo y le anim\u00f3 a desempe\u00f1ar sus funciones con responsabilidad, compromiso y humanismo. Moreno Estrada se comprometi\u00f3 a trabajar en consonancia con la nueva Era, buscando fortalecer las acciones en seguridad p\u00fablica y mejorar la dignidad de los agentes policiales.<\/p>\n","protected":false},"excerpt":{"rendered":"<p>Mateo Trinidad Moreno Estrada ha sido nombrado delegado del Secretariado Ejecutivo del Sistema Estatal de&#8230;<\/p>\n","protected":false},"author":2,"featured_media":30044,"comment_status":"closed","ping_status":"closed","sticky":false,"template":"","format":"standard","meta":{"_joinchat":[],"footnotes":""},"categories":[18,1,2,3,4],"tags":[],"class_list":["post-30043","post","type-post","status-publish","format-standard","has-post-thumbnail","hentry","category-almomento","category-boletin","category-estado","category-health","category-pichucalco"],"_links":{"self":[{"href":"https:\/\/icoinformativo.mx\/home\/index.php?rest_route=\/wp\/v2\/posts\/30043","targetHints":{"allow":["GET"]}}],"collection":[{"href":"https:\/\/icoinformativo.mx\/home\/index.php?rest_route=\/wp\/v2\/posts"}],"about":[{"href":"https:\/\/icoinformativo.mx\/home\/index.php?rest_route=\/wp\/v2\/types\/post"}],"author":[{"embeddable":true,"href":"https:\/\/icoinformativo.mx\/home\/index.php?rest_route=\/wp\/v2\/users\/2"}],"replies":[{"embeddable":true,"href":"https:\/\/icoinformativo.mx\/home\/index.php?rest_route=%2Fwp%2Fv2%2Fcomments&post=30043"}],"version-history":[{"count":1,"href":"https:\/\/icoinformativo.mx\/home\/index.php?rest_route=\/wp\/v2\/posts\/30043\/revisions"}],"predecessor-version":[{"id":30045,"href":"https:\/\/icoinformativo.mx\/home\/index.php?rest_route=\/wp\/v2\/posts\/30043\/revisions\/30045"}],"wp:featuredmedia":[{"embeddable":true,"href":"https:\/\/icoinformativo.mx\/home\/index.php?rest_route=\/wp\/v2\/media\/30044"}],"wp:attachment":[{"href":"https:\/\/icoinformativo.mx\/home\/index.php?rest_route=%2Fwp%2Fv2%2Fmedia&parent=30043"}],"wp:term":[{"taxonomy":"category","embeddable":true,"href":"https:\/\/icoinformativo.mx\/home\/index.php?rest_route=%2Fwp%2Fv2%2Fcategories&post=30043"},{"taxonomy":"post_tag","embeddable":true,"href":"https:\/\/icoinformativo.mx\/home\/index.php?rest_route=%2Fwp%2Fv2%2Ftags&post=30043"}],"curies":[{"name":"wp","href":"https:\/\/api.w.org\/{rel}","templated":true}]}}