{"id":30040,"date":"2025-01-21T02:28:40","date_gmt":"2025-01-21T02:28:40","guid":{"rendered":"https:\/\/icoinformativo.mx\/home\/?p=30040"},"modified":"2025-01-21T02:28:40","modified_gmt":"2025-01-21T02:28:40","slug":"eduardo-ramirez-lanza-conecta-chiapas-para-beneficiar-a-estudiantes-con-internet-gratuito","status":"publish","type":"post","link":"https:\/\/icoinformativo.mx\/home\/?p=30040","title":{"rendered":"Eduardo Ram\u00edrez lanza \u201cConecta Chiapas\u201d para beneficiar a estudiantes con Internet gratuito"},"content":{"rendered":"<p>&nbsp;<\/p>\n<p>Desde el municipio de Tapachula, el gobernador Eduardo Ram\u00edrez Aguilar encabez\u00f3 el lanzamiento del Programa \u201cConecta Chiapas\u201d, una iniciativa que ofrecer\u00e1 Internet gratuito a estudiantes de todo el estado y que reafirma el compromiso de su gobierno con la juventud.<\/p>\n<p>&nbsp;<\/p>\n<p>Ante las y los estudiantes de la Universidad Aut\u00f3noma de Chiapas (Unach), el mandatario destac\u00f3 que esta iniciativa naci\u00f3 de las propuestas planteadas por las y los j\u00f3venes durante los foros realizados antes de llegar al Gobierno del Estado, donde solicitaron herramientas que les facilitaran la realizaci\u00f3n de sus tareas y el acceso a redes sociales.<\/p>\n<p>&nbsp;<\/p>\n<p>Luego de exhortar a la comunidad universitaria a que aprovechen este apoyo y hagan buen uso de las plataformas y de la tecnolog\u00eda, Ram\u00edrez Aguilar los alent\u00f3 a enfocarse en su formaci\u00f3n profesional, buscar alternativas para su desarrollo y realizar su servicio social con un genuino esp\u00edritu de ayuda al pr\u00f3jimo, record\u00e1ndoles que el prop\u00f3sito debe ser servir al pueblo y contribuir al bienestar de todas y todos.<\/p>\n<p>&nbsp;<\/p>\n<p>En su participaci\u00f3n, el secretario del Humanismo, Francisco Chac\u00f3n S\u00e1nchez, explic\u00f3 que \u201cConecta Chiapas\u201d es un programa tecnol\u00f3gico que busca reducir la brecha digital y garantizar el acceso a Internet a las y los j\u00f3venes, a trav\u00e9s de la entrega de una tarjeta gratuita de datos mensuales de 10 GB. Precis\u00f3 que esta herramienta ser\u00e1 de gran utilidad para su desarrollo acad\u00e9mico.<\/p>\n<p>&nbsp;<\/p>\n<p>El rector de la Universidad Aut\u00f3noma de Chiapas, Oswaldo Chac\u00f3n Rojas, reconoci\u00f3 a las y los estudiantes de las carreras de Administraci\u00f3n, Negocios, Qu\u00edmica, Medicina, Lenguas, Derecho y Sistemas Alimentarios, por ser parte de esta iniciativa, a quienes convoc\u00f3 a aprovecharla con responsabilidad y exclusivamente para potenciar su proceso formativo.<\/p>\n<p>&nbsp;<\/p>\n<p>El alcalde de Tapachula, Yamil Melgar Bravo, se\u00f1al\u00f3 que a trav\u00e9s de este programa, las y los estudiantes contar\u00e1n con las herramientas necesarias para fortalecer su desarrollo profesional y personal, al tiempo de refrendar el compromiso de sumarse a esta iniciativa para que cumpla con el objetivo de reducir la desigualdad en materia del uso de las tecnolog\u00edas y el Internet.<\/p>\n<p>&nbsp;<\/p>\n<p>En representaci\u00f3n de la comunidad estudiantil, la alumna de la Facultad de Derecho de la Unach, Julissa Astrid Monz\u00f3n L\u00f3pez, expuso que este programa garantiza el derecho humano de acceso al Internet, principalmente, a las y los compa\u00f1eros for\u00e1neos o que viven en localidades rurales.<\/p>\n<p>&nbsp;<\/p>\n<p>En ese marco, el mandatario estatal firm\u00f3 como testigo de honor el Convenio de Colaboraci\u00f3n entre la Secretar\u00eda del Humanismo y la Universidad Aut\u00f3noma de Chiapas.<\/p>\n<p>&nbsp;<\/p>\n<p>Asistieron: las secretarias de Gobierno y Mediaci\u00f3n, Patricia del Carmen Conde Ruiz; Anticorrupci\u00f3n y Buen Gobierno, Ana Laura Romero Basurto; de la Mujer e Igualdad de G\u00e9nero, Dulce Mar\u00eda Rodr\u00edguez Ovando; y de la Frontera Sur, Mar\u00eda Amalia Toriello Elorza; el magistrado presidente del Tribunal Superior de Justicia del Estado, Juan Carlos Moreno Guill\u00e9n; el secretario de Protecci\u00f3n Civil, Mauricio Cordero Rodr\u00edguez; el diputado federal Jorge Villatoro; el diputado local Freddy Escobar S\u00e1nchez; e integrantes de la comunidad universitaria, entre otros.<\/p>\n","protected":false},"excerpt":{"rendered":"<p>&nbsp; Desde el municipio de Tapachula, el gobernador Eduardo Ram\u00edrez Aguilar encabez\u00f3 el lanzamiento del&#8230;<\/p>\n","protected":false},"author":2,"featured_media":30041,"comment_status":"closed","ping_status":"closed","sticky":false,"template":"","format":"standard","meta":{"_joinchat":[],"footnotes":""},"categories":[18,1,2,3],"tags":[],"class_list":["post-30040","post","type-post","status-publish","format-standard","has-post-thumbnail","hentry","category-almomento","category-boletin","category-estado","category-health"],"_links":{"self":[{"href":"https:\/\/icoinformativo.mx\/home\/index.php?rest_route=\/wp\/v2\/posts\/30040","targetHints":{"allow":["GET"]}}],"collection":[{"href":"https:\/\/icoinformativo.mx\/home\/index.php?rest_route=\/wp\/v2\/posts"}],"about":[{"href":"https:\/\/icoinformativo.mx\/home\/index.php?rest_route=\/wp\/v2\/types\/post"}],"author":[{"embeddable":true,"href":"https:\/\/icoinformativo.mx\/home\/index.php?rest_route=\/wp\/v2\/users\/2"}],"replies":[{"embeddable":true,"href":"https:\/\/icoinformativo.mx\/home\/index.php?rest_route=%2Fwp%2Fv2%2Fcomments&post=30040"}],"version-history":[{"count":1,"href":"https:\/\/icoinformativo.mx\/home\/index.php?rest_route=\/wp\/v2\/posts\/30040\/revisions"}],"predecessor-version":[{"id":30042,"href":"https:\/\/icoinformativo.mx\/home\/index.php?rest_route=\/wp\/v2\/posts\/30040\/revisions\/30042"}],"wp:featuredmedia":[{"embeddable":true,"href":"https:\/\/icoinformativo.mx\/home\/index.php?rest_route=\/wp\/v2\/media\/30041"}],"wp:attachment":[{"href":"https:\/\/icoinformativo.mx\/home\/index.php?rest_route=%2Fwp%2Fv2%2Fmedia&parent=30040"}],"wp:term":[{"taxonomy":"category","embeddable":true,"href":"https:\/\/icoinformativo.mx\/home\/index.php?rest_route=%2Fwp%2Fv2%2Fcategories&post=30040"},{"taxonomy":"post_tag","embeddable":true,"href":"https:\/\/icoinformativo.mx\/home\/index.php?rest_route=%2Fwp%2Fv2%2Ftags&post=30040"}],"curies":[{"name":"wp","href":"https:\/\/api.w.org\/{rel}","templated":true}]}}