{"id":30037,"date":"2025-01-21T02:18:34","date_gmt":"2025-01-21T02:18:34","guid":{"rendered":"https:\/\/icoinformativo.mx\/home\/?p=30037"},"modified":"2025-01-21T02:18:34","modified_gmt":"2025-01-21T02:18:34","slug":"encabeza-eduardo-ramirez-presentacion-del-programa-de-alfabetizacion-chiapas-puede-ante-preparatorias-del-soconusco","status":"publish","type":"post","link":"https:\/\/icoinformativo.mx\/home\/?p=30037","title":{"rendered":"Encabeza Eduardo Ram\u00edrez presentaci\u00f3n del Programa de Alfabetizaci\u00f3n \u00abChiapas Puede\u201d, ante preparatorias del Soconusco"},"content":{"rendered":"<p>&nbsp;<\/p>\n<p>Durante un encuentro con escuelas preparatorias de la regi\u00f3n Soconusco, donde se present\u00f3 el Programa de Alfabetizaci\u00f3n \u00abChiapas Puede\u00bb, el gobernador Eduardo Ram\u00edrez Aguilar destac\u00f3 su compromiso de erradicar el analfabetismo en la entidad y asegur\u00f3 que se levantar\u00e1 la bandera blanca, ante M\u00e9xico y el mundo, como s\u00edmbolo de que las y los chiapanecos saben leer y escribir.<\/p>\n<p>&nbsp;<\/p>\n<p>\u00abEl 8 de diciembre protest\u00e9 cumplir y hacer cumplir la ley, y la estoy aplicando para alcanzar la paz y la seguridad en Chiapas. En el \u00e1mbito educativo, trazamos una propuesta que vino del pueblo, y cuando nos dimos cuenta de que ocupamos el primer lugar en analfabetismo, con m\u00e1s de medio mill\u00f3n de chiapanecos que no saben leer y escribir, iniciamos esta batalla, y la vamos a ganar. Erradicaremos el analfabetismo\u201d, expres\u00f3.<\/p>\n<p>&nbsp;<\/p>\n<p>Acompa\u00f1ado del secretario de Educaci\u00f3n, Roger Adri\u00e1n Mandujano Ayala, Ram\u00edrez Aguilar agradeci\u00f3 a las y los estudiantes que se han sumado a las brigadas de alfabetizaci\u00f3n \u00abALFA\u00bb, quienes ser\u00e1n beneficiados con las becas Rosario Castellanos, y los exhort\u00f3 a conquistar sus sue\u00f1os de estudiar una carrera profesional, no solo para mejorar su calidad de vida, sino para aprender m\u00e1s y convertirse en hombres y mujeres que retribuyan al pueblo lo que les ha dado. Asimismo, agradeci\u00f3 a las y los maestros, y a todas las personas que hacen posible este esfuerzo.<\/p>\n<p>&nbsp;<\/p>\n<p>El subsecretario de Educaci\u00f3n Federalizada, Alfredo Ram\u00edrez Guzm\u00e1n, reconoci\u00f3 la suma de voluntades de j\u00f3venes y docentes a este proyecto humanista, liderado por el gobernador Eduardo Ram\u00edrez, quien, dijo, est\u00e1 construyendo herramientas que abonen a la construcci\u00f3n de la paz, como esta iniciativa que ser\u00e1 pieza clave para que m\u00e1s de 500 mil habitantes sean alfabetizados.<\/p>\n<p>&nbsp;<\/p>\n<p>El alcalde de Tapachula, Yamil Melgar Bravo, se\u00f1al\u00f3 que la alfabetizaci\u00f3n es un paso fundamental y un gran aliento para el proceso de transformaci\u00f3n que se vive en el pa\u00eds, por lo que reiter\u00f3 su voluntad de contribuir, desde su trinchera, a esta noble tarea para que nadie se quede sin acceso a la oportunidad de aprender a leer y escribir.<\/p>\n<p>&nbsp;<\/p>\n<p>El director de la Escuela Preparatoria Tapachula N\u00famero 1 turno matutino, Carlos Alberto Espinal Li\u00e9vano, refrend\u00f3 el compromiso de la instituci\u00f3n que encabeza de unir fuerzas en este proyecto que, dijo, tiene los objetivos claros para atacar de ra\u00edz los rezagos que limitan el desarrollo de las comunidades.<\/p>\n<p>&nbsp;<\/p>\n<p>En representaci\u00f3n de la comunidad estudiantil, la alumna de la Preparatoria \u201cJaime Sabines Guti\u00e9rrez\u201d, del municipio de Cacahoat\u00e1n, Fariel Robles Hidalgo, afirm\u00f3 que asumen el compromiso de ser agentes de ense\u00f1anza y apoyar a sus semejantes que, por alguna raz\u00f3n, no pudieron transitar por el camino del saber. \u201cEstamos seguros que unidos vamos a lograr el objetivo de erradicar las estad\u00edsticas de analfabetismo en Chiapas. \u00c9sta es tarea y reto de todas y todos\u201d, agreg\u00f3.<\/p>\n<p>&nbsp;<\/p>\n<p>Estuvieron presentes: las secretarias de Gobierno y Mediaci\u00f3n, Patricia del Carmen Conde Ruiz; de Infraestructura, Anakaren G\u00f3mez Zuart; y de la Mujer e Igualdad de G\u00e9nero, Dulce Mar\u00eda Rodr\u00edguez Ovando; el director general del Instituto Chiapaneco de Educaci\u00f3n para J\u00f3venes y Adultos, Sergio David Molina G\u00f3mez; el subsecretario de Educaci\u00f3n Estatal, Gilberto de los Santos Cruz; y el diputado local Freddy Escobar S\u00e1nchez.<\/p>\n<p>&nbsp;<\/p>\n<p>Asimismo, el director de la Escuela Preparatoria Tapachula turno vespertino, Gilberto de la Cruz Zamudio; el rector de la Universidad Aut\u00f3noma de Chiapas, Oswaldo Chac\u00f3n Rojas; el subsecretario de Inteligencia e Investigaci\u00f3n, Jos\u00e9 Octavio Garc\u00eda Mac\u00edas; as\u00ed como presidentas y presidentes municipales de la regi\u00f3n Soconusco.<\/p>\n","protected":false},"excerpt":{"rendered":"<p>&nbsp; Durante un encuentro con escuelas preparatorias de la regi\u00f3n Soconusco, donde se present\u00f3 el&#8230;<\/p>\n","protected":false},"author":2,"featured_media":30038,"comment_status":"closed","ping_status":"closed","sticky":false,"template":"","format":"standard","meta":{"_joinchat":[],"footnotes":""},"categories":[18,1,2,3],"tags":[],"class_list":["post-30037","post","type-post","status-publish","format-standard","has-post-thumbnail","hentry","category-almomento","category-boletin","category-estado","category-health"],"_links":{"self":[{"href":"https:\/\/icoinformativo.mx\/home\/index.php?rest_route=\/wp\/v2\/posts\/30037","targetHints":{"allow":["GET"]}}],"collection":[{"href":"https:\/\/icoinformativo.mx\/home\/index.php?rest_route=\/wp\/v2\/posts"}],"about":[{"href":"https:\/\/icoinformativo.mx\/home\/index.php?rest_route=\/wp\/v2\/types\/post"}],"author":[{"embeddable":true,"href":"https:\/\/icoinformativo.mx\/home\/index.php?rest_route=\/wp\/v2\/users\/2"}],"replies":[{"embeddable":true,"href":"https:\/\/icoinformativo.mx\/home\/index.php?rest_route=%2Fwp%2Fv2%2Fcomments&post=30037"}],"version-history":[{"count":1,"href":"https:\/\/icoinformativo.mx\/home\/index.php?rest_route=\/wp\/v2\/posts\/30037\/revisions"}],"predecessor-version":[{"id":30039,"href":"https:\/\/icoinformativo.mx\/home\/index.php?rest_route=\/wp\/v2\/posts\/30037\/revisions\/30039"}],"wp:featuredmedia":[{"embeddable":true,"href":"https:\/\/icoinformativo.mx\/home\/index.php?rest_route=\/wp\/v2\/media\/30038"}],"wp:attachment":[{"href":"https:\/\/icoinformativo.mx\/home\/index.php?rest_route=%2Fwp%2Fv2%2Fmedia&parent=30037"}],"wp:term":[{"taxonomy":"category","embeddable":true,"href":"https:\/\/icoinformativo.mx\/home\/index.php?rest_route=%2Fwp%2Fv2%2Fcategories&post=30037"},{"taxonomy":"post_tag","embeddable":true,"href":"https:\/\/icoinformativo.mx\/home\/index.php?rest_route=%2Fwp%2Fv2%2Ftags&post=30037"}],"curies":[{"name":"wp","href":"https:\/\/api.w.org\/{rel}","templated":true}]}}